{"id":1179,"date":"2004-01-28T01:00:00","date_gmt":"2004-01-28T00:00:00","guid":{"rendered":"http:\/\/www.musicadeon.com\/index.php\/2004\/01\/28\/recital-des-jeunes-talents-a-jambes\/"},"modified":"2004-01-28T01:00:00","modified_gmt":"2004-01-28T00:00:00","slug":"recital-des-jeunes-talents-a-jambes","status":"publish","type":"post","link":"http:\/\/www.musicadeon.com\/index.php\/2004\/01\/28\/recital-des-jeunes-talents-a-jambes\/","title":{"rendered":"R\u00e9cital des Jeunes Talents \u00e0 Jambes"},"content":{"rendered":"<p><b><i><FONT color=#000099>le Dimanche 1 F\u00e9vrier r\u00e9cital \u00ab\u00a0Jeunes Talents\u00a0\u00bb dans le cadre de l&rsquo;op\u00e9ration Polio en L&rsquo;auditorium du conservatoire \u00e0 16h \u00e0 Jambes<\/FONT><\/i><\/b><\/p>\n","protected":false},"excerpt":{"rendered":"<p>le Dimanche 1 F\u00e9vrier r\u00e9cital \u00ab\u00a0Jeunes Talents\u00a0\u00bb dans le cadre de l&rsquo;op\u00e9ration Polio en L&rsquo;auditorium du conservatoire \u00e0 16h \u00e0 Jambes<\/p>\n","protected":false},"author":1,"featured_media":0,"comment_status":"closed","ping_status":"open","sticky":false,"template":"","format":"standard","meta":[],"categories":[3],"tags":[5],"_links":{"self":[{"href":"http:\/\/www.musicadeon.com\/index.php\/wp-json\/wp\/v2\/posts\/1179"}],"collection":[{"href":"http:\/\/www.musicadeon.com\/index.php\/wp-json\/wp\/v2\/posts"}],"about":[{"href":"http:\/\/www.musicadeon.com\/index.php\/wp-json\/wp\/v2\/types\/post"}],"author":[{"embeddable":true,"href":"http:\/\/www.musicadeon.com\/index.php\/wp-json\/wp\/v2\/users\/1"}],"replies":[{"embeddable":true,"href":"http:\/\/www.musicadeon.com\/index.php\/wp-json\/wp\/v2\/comments?post=1179"}],"version-history":[{"count":0,"href":"http:\/\/www.musicadeon.com\/index.php\/wp-json\/wp\/v2\/posts\/1179\/revisions"}],"wp:attachment":[{"href":"http:\/\/www.musicadeon.com\/index.php\/wp-json\/wp\/v2\/media?parent=1179"}],"wp:term":[{"taxonomy":"category","embeddable":true,"href":"http:\/\/www.musicadeon.com\/index.php\/wp-json\/wp\/v2\/categories?post=1179"},{"taxonomy":"post_tag","embeddable":true,"href":"http:\/\/www.musicadeon.com\/index.php\/wp-json\/wp\/v2\/tags?post=1179"}],"curies":[{"name":"wp","href":"https:\/\/api.w.org\/{rel}","templated":true}]}}