{"id":1180,"date":"2004-02-03T01:00:00","date_gmt":"2004-02-03T00:00:00","guid":{"rendered":"http:\/\/www.musicadeon.com\/index.php\/2004\/02\/03\/resume-de-la-soiree-de-lhommage-rendu-a-willy-staquet-a-leval-belgique\/"},"modified":"2004-02-03T01:00:00","modified_gmt":"2004-02-03T00:00:00","slug":"resume-de-la-soiree-de-lhommage-rendu-a-willy-staquet-a-leval-belgique","status":"publish","type":"post","link":"http:\/\/www.musicadeon.com\/index.php\/2004\/02\/03\/resume-de-la-soiree-de-lhommage-rendu-a-willy-staquet-a-leval-belgique\/","title":{"rendered":"R\u00e9sum\u00e9 de la soir\u00e9e de l&rsquo;hommage rendu \u00e0 \u00a0\u00bb WILLY STAQUET \u00a0\u00bb \u00e0  leval ( Belgique )"},"content":{"rendered":"<p><P align=center><IMG src=\"\/A\/N\/D\/staquet1303022004.jpg\"> <\/P><P align=center>Mr Willy Staquet tr\u00e8s heureux de toucher quelques boutons sur l&rsquo;accord\u00e9on de la princesse de l&rsquo;accord\u00e9on Erika<\/P><\/p>\n<hr \/>\n<p> <P align=center><IMG src=\"\/A\/N\/D\/staquet1203022004.jpg.jpg\"> <\/P><P align=center>Mr Willy Staquet en compagnie de son \u00e9pouse ainsi que leurs famille<\/P><\/p>\n<hr \/>\n<p> <P align=center><IMG src=\"\/A\/N\/D\/staquet1403022004.jpg\"> <\/P><P align=center>Mr Willy Staquet et un trio de choc \u00e0 gauche Denys Gigot \u00e0 droite l&rsquo;accord\u00e9onsite Joseph Generet <\/P><P align=center>au cot\u00e9 de Willy la princesse de l&rsquo;accord\u00e9on Erila<\/P><\/p>\n<hr \/>\n<p> <P align=center><IMG src=\"\/A\/N\/D\/staquet1103022004.jpg\"> <\/P><P align=center>Le public venu nombreux afin d&rsquo;assister \u00e0 l&rsquo;hommage rendu lors de la soir\u00e9e de ce Vendredi 30 Janvier 2004<\/P><\/p>\n<hr \/>\n<p> <P align=center><IMG src=\"\/A\/N\/D\/staquet603022004.jpg\"> <\/P><P align=center>Plus de 40 Accord\u00e9onistes amis, coll\u00e8gues c&rsquo;\u00e9tait mis sur le m\u00eame diapason afin d&rsquo;interpr\u00e8t\u00e9 ensembles les plus belles m\u00e9lodie deWilly Staquet<\/P><\/p>\n<hr \/>\n<p> <P align=center><IMG src=\"\/A\/N\/D\/staquet503022004.jpg\"> <\/P><P align=center>Un remerciement bien m\u00e9rit\u00e9 \u00e0 Willy Staquet, petit cadeaux d&rsquo;une m\u00e9daille de la Sabam offert par l&rsquo;artiste chanteur Robert Cogoi<\/P><\/p>\n<hr \/>\n<p> <P align=center><IMG src=\"\/A\/N\/D\/staquet7103022004.jpg\"> <\/P><P align=center>Mr Darlier \u00e9galement pr\u00e9sent \u00e0 cette soir\u00e9e execptionnel<\/P><\/p>\n<hr \/>\n<p> <P align=center><IMG src=\"\/A\/N\/D\/staquet1503022004.jpg\"> <\/P><P align=center>Willy Staquet que dire de cet homme au grand coeur dot\u00e9 d&rsquo;une simplicit\u00e9 m\u00e9morable l&rsquo;\u00e9motion fut grande pour chacun d&rsquo;entre nous<\/P><\/p>\n<hr \/>\n<p> <P align=center><IMG src=\"\/A\/N\/D\/staquet803022004.jpg\"><\/P><P align=center>Merci \u00e0 Mr St\u00e9phanne Eloy pour cette tr\u00e8s belle intiative tr\u00e8s belle organisation <\/P><\/p>\n<hr \/>\n<p> <P align=center><IMG src=\"\/A\/N\/D\/staquet9803022004.jpg\"> <\/P><P align=center>Nous les artistes Accord\u00e9onistes nous sommes fier d&rsquo;avoir pu participer \u00e0 l&rsquo;hommage Willy Staquet<\/P><P align=center>Cher Willy nous te disons tout simplement Merci<\/P><P align=center><\/p>\n<hr \/>\n<p><\/P><P align=center><b><i><FONT style=\"BACKGROUND-COLOR:#0033ff\" color=#ccff00 size=5>\u00ab\u00a0<FONT size=6>Biographie<\/FONT>\u00ab\u00a0<\/FONT><\/i><\/b><\/P><P><b><FONT color=#0000cc><i><U>WILLY STAQUET<\/U><\/i><\/FONT><\/b>, <i>une vie au service de la musique et de\u2026 L\u2019accord\u00e9on ! <\/i><\/P><P><i>Il voit le jour, \u00e0 la Louvi\u00e8re, le<\/i> <b><i>13 D\u00e9cembre 1920<\/i><\/b>. <\/P><P><i><b>A l\u2019\u00e2ge de 10 ans<\/b>, il commence ses \u00e9tudes de solf\u00e8ge \u00e0 l\u2019\u00e9cole de musique de St-Ghislain, o&ugrave; il r\u00e9side, ayant pour professeur Monsieur Boulmont et Madame Carlier. Devenu Montois le<\/i> <b><i>1er D\u00e9cembre 1933<\/i><\/b>, <i>il d\u00e9couvre l\u2019accord\u00e9on avec son p\u00e8re, Alphonse Staquet, professeur de <b>Edgard Deridoux<\/b>. <\/i><\/P><P><b><i>En 1934<\/i><\/b>, <i>il est \u00e9l\u00e8ve au conservatoire de l\u2019\u00e9tat, \u00e0 Mons, au cours de solf\u00e8ge de Monsieur Jean Degr\u00e8z. Son premier morceau, une valse musette : \u00ab&nbsp;La Mienne&nbsp;\u00bb, sera compos\u00e9 le mardi de la Ducasse de Mons en <b>1936.<\/b> <\/i><\/P><P><i>L\u2019exposition de Paris, <b>en 1937<\/b>, lui permet de rencontrer Gardoni Marceau, Deprince &amp; Scotto qui lui dit \u00ab&nbsp;Toi tu as une bonne bouille, tu r\u00e9ussiras dans l\u2019m\u00e9tier ! Madame Detaille et Oscar Delvigne lui enseignent le piano tandis qu\u2019il suit des cours de Batterie pour accompagner son p\u00e8re, tous les jours, dans son caf\u00e9 de la Louvi\u00e8re. <\/i><\/P><P><i>Au conservatoire, il d\u00e9croche un 1er prix de solf\u00e8ge et apprend l\u2019harmonie avec Albert Floris et Alex de Taye ( premier grand prix de Rome). Continuant l\u2019\u00e9tude du contrepoint, il termine ses \u00e9tudes musicales <b>en 1942.<\/b> <\/i><\/P><P><i><b>D\u00e8s 1941<\/b>, il accepte une place de batteur dans l\u2019orchestre de jazz Dixieland de Jean Lecl\u00e8re, \u00e0 Mons. C\u2019est l\u00e0 qu\u2019il remportera le fanion du meilleur Batteur, lors d\u2019un tournoi pour petites formations du jazz Club de Belgique. P\u00e9riode de guerre, il joue chez son p\u00e8re- Batterie, Accord\u00e9on, Concertina Anglais, Xylophone. Et participe \u00e0 des tourn\u00e9es pour le \u00ab&nbsp;Colis du Soldat&nbsp;\u00bb, oeuvre de la reine Elisabeth. Voici venir la lib\u00e9ration et on retrouve<b> Willy Staquet<\/b> dans les clubs am\u00e9ricains et anglais. C\u2019est l\u2019\u00e9poque des Jam-Sessions avec les orchestres militaires. <\/i><\/P><P><i><b>En 1945<\/b>, il enregistre pour la premi\u00e8re fois une s\u00e9rie de 10 faces pour la firme<b> \u00ab&nbsp;OLYMPIA&nbsp;\u00bb.<\/b> Quelques titres : Discussion d\u2019oiseaux, Miss 47, Grivoiserie, Talisman, Charmeuse\u2026 Entretemps, il r\u00e9ussit une audition \u00e0 l\u2019INR et passe chaque semaine sur les ondes de Radio-Hainnaut avec son indicatif : Bonsoir Chers Auditeurs. Invit\u00e9 au Club d\u2019accord\u00e9on, \u00e0 Paris, <\/i><\/P><P><i><b>En 1947<\/b>, il joue en collaboration avec Emile Preud\u2019 Homme, Gus Visuer, Tony Mur\u00e9na et Emile Carrara. C\u00f4t\u00e9 Swing, il monte avec Freddy Carlier \u00ab&nbsp;The Five Sweet Buddies&nbsp;\u00bb : une formule Accord\u00e9on, Clarinette, Guitare, Basse et Batterie, qui obtient un succ\u00e8s impressionnant. Ses s\u00e9jours parisiens lui permettent de rencontrer Aimable, Marcel Azzola, Jo Privat, Louis Ferrari et Andr\u00e9 Dauchy ( <b>CFR l\u2019amiral dans \u00ab&nbsp;la Lorgnette&nbsp;\u00bb de Jacques Martin<\/b>), ainsi que bien d\u2019autres accord\u00e9onistes fran&ccedil;ais. <\/i><\/P><P><i><b>1950<\/b> premier long playing 25 cm chez<b> DECCA<\/b>. Il y restera pendant 10 ans, accompagnant<b> Gloria Lasso<\/b>, jouant sous la direction <b>de Franck Pourcel, Georges Jouvin, Jean-Claude Pelletier et Franck Engelen.<\/b> <\/i><\/P><P><i>A la suite des tours de Belgique <b>1953 et 1954<\/b>, o&ugrave; il participe \u00e0 la caravane publicitaire, il tourne en compagnie de Charles Demaele et Marcel de Keukeleire, un court m\u00e9trage sous la direction de Pol Flon. Vient de la grande p\u00e9riode des enregistrements. Toutes les firmes s\u2019arrachent <b>Willy Staquet<\/b> sous des Pseudonymes tels que : Musette Club-Duo Crosio-Les Croulants- Les Gueules Noires- Gaston Leforain- C\u00e9sar et ses Vieux Paletots- Ensemble Mimile- Les Gais Lurons- Jean-Michel et ses Copains- Pierre Delmar- L\u2019orph\u00e9on Wallon \u2026Etc\u2026 <\/i><\/P><P><i>Premier pas \u00e0 la t\u00e9l\u00e9vision, <b>en 1956<\/b>, dans l\u2019\u00e9mission Music Parade de Henry Segers. Pendant trois ans <b>Willy Staquet<\/b> y retrouve tous les copains : Lily Vincent, Fud Leclercq , Johnny Gray, Albert Caels, Yetty Lee, Claude Alix et Edouard Caillau. Le th\u00e9\u00e2tre am\u00e9ricain l\u2019accueille r\u00e9guli\u00e8rement pendant l\u2019expo 58 ainsi que certaines grandes foires commerciales, tandis que bals et galas se succ\u00e8dent. <\/i><\/P><P><i>Vient la p\u00e9riode Y\u00e9-Y\u00e9 et l\u2019invasion des orchestres de guitares qui provoquent un certain ralentissement.<b>Willy Staquet<\/b> change son fusil d\u2019\u00e9paule. Il apprend le vibraphone\u2026Transforme le genre de l\u2019orchestre et, pr\u00e9voyant l\u2019avenir, repart avec une autre formule. Nouveau contrat qu\u2019il ne signe pas, <b>en 1964<\/b>, avec la firme<b> R.C.A.<\/b> Mais pour qu\u2019il enregistre quand m\u00eame pas mal de 33 tours. <\/i><\/P><P><i>Nous sommes <b>en octobre 1972<\/b>. Henri Segers cr\u00e9e pour la t\u00e9l\u00e9vision l\u2019\u00e9mission de vari\u00e9t\u00e9s qui va devenir num\u00e9ro 1 en Belgique : \u00ab&nbsp;Chanson a la Carte&nbsp;\u00bb. <b>84<\/b> \u00e9missions seront enregistr\u00e9es et <b>Willy Staquet<\/b> sera toujours l\u00e0 lors du grand Gala \u00e0 Forest National. <\/i><\/P><P><i><b>Le 19 Mars 1982<\/b>. <b>Willy Staquet<\/b> ne nous a malheureusement pas cont\u00e9 les ann\u00e9es qui l\u2019ont amen\u00e9 jusqu&rsquo;\u00e0 aujourd\u2019hui. Sachez seulement qu\u2019il a compos\u00e9 et arrang\u00e9, enregistr\u00e9 quelques petits milliers de morceaux\u2026Qu\u2019il a pour Hobbies la documentation sur le show-Business, les archives, les vielles partitions et les vieux disques. Sachez aussi son admiration pour SADI et pour le Vibraphone, son Violon d\u2019ingres. Aimant beaucoup les gens, il aime aussi les animaux et surtout les chiens\u2026 L\u2019eau p\u00e9tillante fait son r\u00e9gal, \u00e0 condition qu\u2019elle soit en poudre. <\/i><\/P><P><i>Enfin, il a pour passion le Jazz traditionnel avec Ellington, Dorsey, Wallers, Hearl, Heyne, Glen Miller, Reinhardt, Grapelly, Peterson, Bolling <\/i><\/P><\/p>\n","protected":false},"excerpt":{"rendered":"<p>Mr Willy Staquet tr\u00e8s heureux de toucher quelques boutons sur l&rsquo;accord\u00e9on de la princesse de l&rsquo;accord\u00e9on Erika Mr Willy Staquet en compagnie de son \u00e9pouse&#8230;<\/p>\n","protected":false},"author":1,"featured_media":0,"comment_status":"closed","ping_status":"open","sticky":false,"template":"","format":"standard","meta":[],"categories":[3],"tags":[5],"_links":{"self":[{"href":"http:\/\/www.musicadeon.com\/index.php\/wp-json\/wp\/v2\/posts\/1180"}],"collection":[{"href":"http:\/\/www.musicadeon.com\/index.php\/wp-json\/wp\/v2\/posts"}],"about":[{"href":"http:\/\/www.musicadeon.com\/index.php\/wp-json\/wp\/v2\/types\/post"}],"author":[{"embeddable":true,"href":"http:\/\/www.musicadeon.com\/index.php\/wp-json\/wp\/v2\/users\/1"}],"replies":[{"embeddable":true,"href":"http:\/\/www.musicadeon.com\/index.php\/wp-json\/wp\/v2\/comments?post=1180"}],"version-history":[{"count":0,"href":"http:\/\/www.musicadeon.com\/index.php\/wp-json\/wp\/v2\/posts\/1180\/revisions"}],"wp:attachment":[{"href":"http:\/\/www.musicadeon.com\/index.php\/wp-json\/wp\/v2\/media?parent=1180"}],"wp:term":[{"taxonomy":"category","embeddable":true,"href":"http:\/\/www.musicadeon.com\/index.php\/wp-json\/wp\/v2\/categories?post=1180"},{"taxonomy":"post_tag","embeddable":true,"href":"http:\/\/www.musicadeon.com\/index.php\/wp-json\/wp\/v2\/tags?post=1180"}],"curies":[{"name":"wp","href":"https:\/\/api.w.org\/{rel}","templated":true}]}}