{"id":1250,"date":"2004-02-17T01:00:00","date_gmt":"2004-02-17T00:00:00","guid":{"rendered":"http:\/\/www.musicadeon.com\/index.php\/2004\/02\/17\/sortie-a-malonne-belgique\/"},"modified":"2004-02-17T01:00:00","modified_gmt":"2004-02-17T00:00:00","slug":"sortie-a-malonne-belgique","status":"publish","type":"post","link":"http:\/\/www.musicadeon.com\/index.php\/2004\/02\/17\/sortie-a-malonne-belgique\/","title":{"rendered":"Sortie \u00e0 Malonne (Belgique)"},"content":{"rendered":"<p><b>Le Jeudi 26 F\u00e9vrier \u00e0 Malonne \u00e0 L&rsquo;abbaye St-Berthuin d\u00e8s 20h concert de gala par l&rsquo;ensemble vocal Ishango<\/b><\/p>\n","protected":false},"excerpt":{"rendered":"<p>Le Jeudi 26 F\u00e9vrier \u00e0 Malonne \u00e0 L&rsquo;abbaye St-Berthuin d\u00e8s 20h concert de gala par l&rsquo;ensemble vocal Ishango<\/p>\n","protected":false},"author":1,"featured_media":0,"comment_status":"closed","ping_status":"open","sticky":false,"template":"","format":"standard","meta":[],"categories":[3],"tags":[5],"_links":{"self":[{"href":"http:\/\/www.musicadeon.com\/index.php\/wp-json\/wp\/v2\/posts\/1250"}],"collection":[{"href":"http:\/\/www.musicadeon.com\/index.php\/wp-json\/wp\/v2\/posts"}],"about":[{"href":"http:\/\/www.musicadeon.com\/index.php\/wp-json\/wp\/v2\/types\/post"}],"author":[{"embeddable":true,"href":"http:\/\/www.musicadeon.com\/index.php\/wp-json\/wp\/v2\/users\/1"}],"replies":[{"embeddable":true,"href":"http:\/\/www.musicadeon.com\/index.php\/wp-json\/wp\/v2\/comments?post=1250"}],"version-history":[{"count":0,"href":"http:\/\/www.musicadeon.com\/index.php\/wp-json\/wp\/v2\/posts\/1250\/revisions"}],"wp:attachment":[{"href":"http:\/\/www.musicadeon.com\/index.php\/wp-json\/wp\/v2\/media?parent=1250"}],"wp:term":[{"taxonomy":"category","embeddable":true,"href":"http:\/\/www.musicadeon.com\/index.php\/wp-json\/wp\/v2\/categories?post=1250"},{"taxonomy":"post_tag","embeddable":true,"href":"http:\/\/www.musicadeon.com\/index.php\/wp-json\/wp\/v2\/tags?post=1250"}],"curies":[{"name":"wp","href":"https:\/\/api.w.org\/{rel}","templated":true}]}}