{"id":1299,"date":"2008-09-02T02:00:00","date_gmt":"2008-09-02T00:00:00","guid":{"rendered":"http:\/\/www.musicadeon.com\/index.php\/2008\/09\/02\/1-er-festival-de-laccordeon-au-dancing-le-passage-oublie-a-florenne-belgique\/"},"modified":"2008-09-02T02:00:00","modified_gmt":"2008-09-02T00:00:00","slug":"1-er-festival-de-laccordeon-au-dancing-le-passage-oublie-a-florenne-belgique","status":"publish","type":"post","link":"http:\/\/www.musicadeon.com\/index.php\/2008\/09\/02\/1-er-festival-de-laccordeon-au-dancing-le-passage-oublie-a-florenne-belgique\/","title":{"rendered":"1 er Festival de l&rsquo;Accord\u00e9on au dancing \u00a0\u00bbLE PASSAGE OUBLIE\u00a0\u00bb \u00e0 Florenne (Belgique)"},"content":{"rendered":"<p><P align=center><IMG src=\"\/A\/N\/D\/erika20080830florenne5sptja.jpg\"> <\/P><P align=center><FONT color=#000033 size=4><b><i>Samedi 30 Ao\u00fbt 2008, il est plus ou moins 15 Heures, 1er festival d&rsquo;accord\u00e9on au <\/i><\/b><\/FONT><\/P><P align=center><FONT color=#000033 size=4><b><i>\u00ab\u00a0passage oubli\u00e9\u00a0\u00bb \u00e0 Florennes.<\/i><\/b><\/FONT><\/P><P align=center><IMG src=\"\/A\/N\/D\/erika20080830florenne6sptja.jpg\"> <\/P><P align=center><FONT color=#000033 size=4><i><b>La charmante Princesse de l&rsquo;accord\u00e9on Erika met tout le monde au pas.<\/b><\/i><\/FONT><\/P><P align=center><IMG src=\"\/A\/N\/D\/erika20080830florenne7sptja.jpg\"> <\/P><P align=center><IMG src=\"\/A\/N\/D\/erika20080830florenne8sptja.jpg\"> <\/P><P align=center><FONT color=#000033 size=4><i><b>Belle gueule d&rsquo;amour Andr\u00e9 loppe charme le public.<\/b><\/i><\/FONT><\/P><P align=center><IMG src=\"\/A\/N\/D\/erika20080830florenne9sptja.jpg\"> <\/P><P align=center><FONT color=#000033 size=4><i><b>Qu&rsquo;est ce que tu dit? C&rsquo;est vrai ce mensonge l\u00e0?<\/b><\/i><\/FONT><\/P><P align=center><IMG src=\"\/A\/N\/D\/erika20080830florenne10sptja.jpg\"> <\/P><P align=center><IMG src=\"\/A\/N\/D\/erika20080830florenne11sptja.jpg\"> <\/P><P align=center><IMG src=\"\/A\/N\/D\/erika20080830florenne12sptja.jpg\"> <\/P><P align=center><FONT color=#000033 size=4><i><b>Denys Gigot, quant \u00e0 lui, nous fait valser avec son doigt\u00e9 virvoltant.<\/b><\/i><\/FONT><\/P><P align=center><IMG src=\"\/A\/N\/D\/erika20080830florenne13sptja.jpg\"> <\/P><P align=center><IMG src=\"\/A\/N\/D\/erika20080830florenne14sptja.jpg\"> <\/P><P align=center><FONT color=#000033 size=4><i><b>Denys &amp; Michel, son Clavi\u00e9riste-Chanteur\u00a0\u00bb Michel Custinne \u00ab\u00a0<\/b><\/i><\/FONT><\/P><P align=center><IMG src=\"\/A\/N\/D\/erika20080830florenne15sptja.jpg\"> <\/P><P align=center><IMG src=\"\/A\/N\/D\/erika20080830florenne16sptja.jpg\"> <\/P><P align=center><IMG src=\"\/A\/N\/D\/erika20080830florenne17sptja.jpg\"> <\/P><P align=center>Le temps passe tellement vite qu&rsquo;il est d\u00e9j\u00e0 temps de terminer le Festival par une final tous ensembles<\/P><P align=center><IMG src=\"\/A\/N\/D\/erika20080830florenne18sptja.jpg\"> <\/P><P align=center><FONT color=#000033 size=4><i><b>Au clavier, pour accompagner tout ce beau monde, Jean-Marie, clavi\u00e9riste de la Princesse de l&rsquo;accord\u00e9on ERIKA.<\/b><\/i><\/FONT><\/P><P align=center><IMG src=\"\/A\/N\/D\/erika20080830florenne19sptja.jpg\"> <\/P><P align=center><FONT color=#000033 size=4><b><i>Merci \u00e0 Andr\u00e9 Loppe, Jean-Marie, Jean-Pierre, Cathy, J\u00e9r\u00f4me, Denys Gigot &amp; la princesse de l&rsquo;accord\u00e9on ERIKA A tous, nous vous donnons rendez-vous l&rsquo;an prochain!<\/i><\/b><\/FONT><\/P><\/p>\n","protected":false},"excerpt":{"rendered":"<p>Samedi 30 Ao\u00fbt 2008, il est plus ou moins 15 Heures, 1er festival d&rsquo;accord\u00e9on au \u00ab\u00a0passage oubli\u00e9\u00a0\u00bb \u00e0 Florennes. La charmante Princesse de l&rsquo;accord\u00e9on Erika&#8230;<\/p>\n","protected":false},"author":1,"featured_media":0,"comment_status":"closed","ping_status":"open","sticky":false,"template":"","format":"standard","meta":[],"categories":[3],"tags":[5],"_links":{"self":[{"href":"http:\/\/www.musicadeon.com\/index.php\/wp-json\/wp\/v2\/posts\/1299"}],"collection":[{"href":"http:\/\/www.musicadeon.com\/index.php\/wp-json\/wp\/v2\/posts"}],"about":[{"href":"http:\/\/www.musicadeon.com\/index.php\/wp-json\/wp\/v2\/types\/post"}],"author":[{"embeddable":true,"href":"http:\/\/www.musicadeon.com\/index.php\/wp-json\/wp\/v2\/users\/1"}],"replies":[{"embeddable":true,"href":"http:\/\/www.musicadeon.com\/index.php\/wp-json\/wp\/v2\/comments?post=1299"}],"version-history":[{"count":0,"href":"http:\/\/www.musicadeon.com\/index.php\/wp-json\/wp\/v2\/posts\/1299\/revisions"}],"wp:attachment":[{"href":"http:\/\/www.musicadeon.com\/index.php\/wp-json\/wp\/v2\/media?parent=1299"}],"wp:term":[{"taxonomy":"category","embeddable":true,"href":"http:\/\/www.musicadeon.com\/index.php\/wp-json\/wp\/v2\/categories?post=1299"},{"taxonomy":"post_tag","embeddable":true,"href":"http:\/\/www.musicadeon.com\/index.php\/wp-json\/wp\/v2\/tags?post=1299"}],"curies":[{"name":"wp","href":"https:\/\/api.w.org\/{rel}","templated":true}]}}