{"id":1422,"date":"2004-07-09T02:00:00","date_gmt":"2004-07-09T00:00:00","guid":{"rendered":"http:\/\/www.musicadeon.com\/index.php\/2004\/07\/09\/a-vos-agendas-21-01-2005\/"},"modified":"2004-07-09T02:00:00","modified_gmt":"2004-07-09T00:00:00","slug":"a-vos-agendas-21-01-2005","status":"publish","type":"post","link":"http:\/\/www.musicadeon.com\/index.php\/2004\/07\/09\/a-vos-agendas-21-01-2005\/","title":{"rendered":"\u00c0 vos agendas (21-01-2005)"},"content":{"rendered":"<p>Du Samedi 15 Janvier au Vendredi 21 Janvier 2005 la princesse de l&rsquo;accord\u00e9on <a href=\"http:\/\/www.erika.be\" target=\"_blank\" rel=\"noopener noreferrer\">Erika<\/a> vous invite \u00e0 la rejoidre au 4 \u00e8me FESTIVAL NATIONAL D&rsquo;ACCORDEON DE TERMIGNON LA VANOISE SAVOIE (FRANCE) avec cette ann\u00e9e 11 accord\u00e9onistes plus les musiciens d&rsquo;accompagnements les 2 chefs de file seront FRANCK VILAIN &#038; ALAIN VERON 52 minutes de film serons tourn\u00e9e par T.F.I. \u00e0 TERMIGNON Info:++32(0)475\/20.58.04<\/p>\n","protected":false},"excerpt":{"rendered":"<p>Du Samedi 15 Janvier au Vendredi 21 Janvier 2005 la princesse de l&rsquo;accord\u00e9on Erika vous invite \u00e0 la rejoidre au 4 \u00e8me FESTIVAL NATIONAL D&rsquo;ACCORDEON&#8230;<\/p>\n","protected":false},"author":1,"featured_media":0,"comment_status":"closed","ping_status":"open","sticky":false,"template":"","format":"standard","meta":[],"categories":[1],"tags":[],"_links":{"self":[{"href":"http:\/\/www.musicadeon.com\/index.php\/wp-json\/wp\/v2\/posts\/1422"}],"collection":[{"href":"http:\/\/www.musicadeon.com\/index.php\/wp-json\/wp\/v2\/posts"}],"about":[{"href":"http:\/\/www.musicadeon.com\/index.php\/wp-json\/wp\/v2\/types\/post"}],"author":[{"embeddable":true,"href":"http:\/\/www.musicadeon.com\/index.php\/wp-json\/wp\/v2\/users\/1"}],"replies":[{"embeddable":true,"href":"http:\/\/www.musicadeon.com\/index.php\/wp-json\/wp\/v2\/comments?post=1422"}],"version-history":[{"count":0,"href":"http:\/\/www.musicadeon.com\/index.php\/wp-json\/wp\/v2\/posts\/1422\/revisions"}],"wp:attachment":[{"href":"http:\/\/www.musicadeon.com\/index.php\/wp-json\/wp\/v2\/media?parent=1422"}],"wp:term":[{"taxonomy":"category","embeddable":true,"href":"http:\/\/www.musicadeon.com\/index.php\/wp-json\/wp\/v2\/categories?post=1422"},{"taxonomy":"post_tag","embeddable":true,"href":"http:\/\/www.musicadeon.com\/index.php\/wp-json\/wp\/v2\/tags?post=1422"}],"curies":[{"name":"wp","href":"https:\/\/api.w.org\/{rel}","templated":true}]}}