{"id":1447,"date":"2004-07-27T02:00:00","date_gmt":"2004-07-27T00:00:00","guid":{"rendered":"http:\/\/www.musicadeon.com\/index.php\/2004\/07\/27\/grande-journee-medievale-st-servais-belgique\/"},"modified":"2004-07-27T02:00:00","modified_gmt":"2004-07-27T00:00:00","slug":"grande-journee-medievale-st-servais-belgique","status":"publish","type":"post","link":"http:\/\/www.musicadeon.com\/index.php\/2004\/07\/27\/grande-journee-medievale-st-servais-belgique\/","title":{"rendered":"Grande Journ\u00e9e M\u00e9di\u00e9vale St Servais (Belgique)"},"content":{"rendered":"<p><P align=center><\/P><P align=center><a href=\"http:\/\/www.musicadeon.com\/\" target=_new rel=\"noopener noreferrer\"><P align=center><IMG src=\"\/A\/N\/D\/laclosiere120040727.jpg\"> <\/P><P align=center><\/A><a href=\"http:\/\/www.sptja.com\/\" target=_new rel=\"noopener noreferrer\">http:\/\/www.sptja.com<\/A><\/P><P><\/P><\/p>\n","protected":false},"excerpt":{"rendered":"<p>http:\/\/www.sptja.com<\/p>\n","protected":false},"author":1,"featured_media":0,"comment_status":"closed","ping_status":"open","sticky":false,"template":"","format":"standard","meta":[],"categories":[3],"tags":[5],"_links":{"self":[{"href":"http:\/\/www.musicadeon.com\/index.php\/wp-json\/wp\/v2\/posts\/1447"}],"collection":[{"href":"http:\/\/www.musicadeon.com\/index.php\/wp-json\/wp\/v2\/posts"}],"about":[{"href":"http:\/\/www.musicadeon.com\/index.php\/wp-json\/wp\/v2\/types\/post"}],"author":[{"embeddable":true,"href":"http:\/\/www.musicadeon.com\/index.php\/wp-json\/wp\/v2\/users\/1"}],"replies":[{"embeddable":true,"href":"http:\/\/www.musicadeon.com\/index.php\/wp-json\/wp\/v2\/comments?post=1447"}],"version-history":[{"count":0,"href":"http:\/\/www.musicadeon.com\/index.php\/wp-json\/wp\/v2\/posts\/1447\/revisions"}],"wp:attachment":[{"href":"http:\/\/www.musicadeon.com\/index.php\/wp-json\/wp\/v2\/media?parent=1447"}],"wp:term":[{"taxonomy":"category","embeddable":true,"href":"http:\/\/www.musicadeon.com\/index.php\/wp-json\/wp\/v2\/categories?post=1447"},{"taxonomy":"post_tag","embeddable":true,"href":"http:\/\/www.musicadeon.com\/index.php\/wp-json\/wp\/v2\/tags?post=1447"}],"curies":[{"name":"wp","href":"https:\/\/api.w.org\/{rel}","templated":true}]}}