{"id":1448,"date":"2004-07-06T02:00:00","date_gmt":"2004-07-06T00:00:00","guid":{"rendered":"http:\/\/www.musicadeon.com\/index.php\/2004\/07\/06\/quelques-prises-de-vues-de-artbre-en-fete-2004\/"},"modified":"2004-07-06T02:00:00","modified_gmt":"2004-07-06T00:00:00","slug":"quelques-prises-de-vues-de-artbre-en-fete-2004","status":"publish","type":"post","link":"http:\/\/www.musicadeon.com\/index.php\/2004\/07\/06\/quelques-prises-de-vues-de-artbre-en-fete-2004\/","title":{"rendered":"Quelques prises de vues  de  Artbre en f\u00eate 2004"},"content":{"rendered":"<p><P align=left><a href=\"http:\/\/www.arbre.be\/\" target=_new rel=\"noopener noreferrer\">http:\/\/www.arbre.be<\/A><\/P><P align=left><a href=\"http:\/\/www.musicadeon.com\/\" target=_new rel=\"noopener noreferrer\">http:\/\/www.musicadeon.com<\/A><IMG src=\"\/A\/N\/D\/arbre20040527.jpg\"> <\/P><P align=left><IMG src=\"\/A\/N\/D\/artbre120040704.jpg\"> <\/P><P align=left><b><i>sur votre droite le policier luc et son coll\u00e8gue en forme d\u00e8s le matin le v\u00e9lo sa maintien la ligne <\/i><\/b><\/P><P align=center><IMG src=\"\/A\/N\/D\/artbre220040704.jpg\"> <\/P><P align=center><b><i>Artisan provenant de la calamine Cr\u00e9ation &amp; Restauration de Vitraux<\/i><\/b><\/P><P align=left><IMG src=\"\/A\/N\/D\/artbre320040704.jpg\"> <\/P><P align=left><b><i>La Suisse \u00e9tait \u00e0 l&rsquo;honneur produit artisanal de d\u00e9licieuses caramel fa&ccedil;on suisse<\/i><\/b><\/P><P align=center><IMG src=\"\/A\/N\/D\/artbre420040704.jpg\"><b><i> Sculpteur d&rsquo;Edelweiss Mr Catillaz Francis<\/i><\/b><\/P><P align=left><IMG src=\"\/A\/N\/D\/artbre520040704.jpg\"> <\/P><P align=left><b><i>Au milieu Etienne Nicaise \u00e9chevin de culture de Profondeville \u00e0 droite Etienne Pierrard conseiller communale et \u00e0 gauche Michel Tasiaux tr\u00e9sorier de l&rsquo;asbl S.P.T.J.A <\/i><\/b><\/P><P align=center><IMG src=\"\/A\/N\/D\/artbre0620040704.jpg\"> <\/P><P align=center><b><i>\u00e0 Gauche Luc Delire Echevin au milieu Jeaninne conseiller communale \u00e0 ses c\u00f4t\u00e9 Etienne Pierrard<\/i><\/b> <\/P><P align=left><IMG src=\"\/A\/N\/D\/artbre720040704.jpg\"> <b><i>Orchestre Folk M\u00e9di\u00e9val Ceili Moss de Namur<\/i><\/b> <\/P><P><\/P><P><\/P><P align=center><IMG src=\"\/A\/N\/D\/artbre820040704.jpg\"> <\/P><P align=center><b><i>Petit et grand ont pu admirer se merveilleux caroussel<\/i><\/b><\/P><P align=left><IMG src=\"\/A\/N\/D\/artbre920040704.jpg\"> <b><i>L&rsquo;Art du verre et de la pierre un cadeaux original<\/i><\/b> <\/P><P align=center><IMG src=\"\/A\/N\/D\/artbre1020040704.jpg\"> <\/P><P align=center><b><i>Pour toute les bourses la cr\u00e9ation de Bougies pour la d\u00e9coration de vos tables splendide<\/i><\/b><\/P><P align=left><IMG src=\"\/A\/N\/D\/artbre1120040704.jpg\"> <b><i>Un instrument original provenant direct de la Suisse<\/i><\/b><\/P><P align=center><IMG src=\"\/A\/N\/D\/artbre1220040704.jpg\"> <b><i>L&rsquo;Art du vitrage Mr Duvivier<\/i><\/b><\/P><P align=left><IMG src=\"\/A\/N\/D\/artbre1320040704.jpg\"> <\/P><P align=center><IMG src=\"\/A\/N\/D\/artbre1420040704.jpg\"> <\/P><P align=center><b><i>de la musique pour tout les gouts il y en avait en passant par le Rock<\/i><\/b><\/P><P align=left><IMG src=\"\/A\/N\/D\/artbre1520040704.jpg\"> <\/P><P align=left><b><i>Accord\u00e9on moderne et populaire avec la princesse de l&rsquo;accord\u00e9on ERIKA &amp; son Complice Jean-Marie<\/i><\/b><\/P><P align=center><IMG src=\"\/A\/N\/D\/artbre1620040704.jpg\"> <\/P><P align=center><b><i>Vue d&rsquo;ensemble du parking de se Dimanche 4 juillet \u00e0 Arbre<\/i><\/b><\/P><P align=center><FONT color=#000066><b><i>F\u00e9licitation \u00e0 Etienne Nicaise pour l&rsquo;organisation, cette grande f\u00eate est une vraie r\u00e9ussite gra&ccedil;e \u00e0 plus de deux cent b\u00e9n\u00e9voles.<\/i><\/b><\/FONT><\/P><P align=center><FONT color=#000066><b><i>Bonne continuation pour les ann\u00e9es futures<\/i><\/b><\/FONT><\/P><P align=center><\/P><P align=center><FONT color=#900 size=4><b><i><\/i><\/b><\/FONT><\/P><\/p>\n","protected":false},"excerpt":{"rendered":"<p>http:\/\/www.arbre.behttp:\/\/www.musicadeon.com sur votre droite le policier luc et son coll\u00e8gue en forme d\u00e8s le matin le v\u00e9lo sa maintien la ligne Artisan provenant de la&#8230;<\/p>\n","protected":false},"author":1,"featured_media":0,"comment_status":"closed","ping_status":"open","sticky":false,"template":"","format":"standard","meta":[],"categories":[3],"tags":[5],"_links":{"self":[{"href":"http:\/\/www.musicadeon.com\/index.php\/wp-json\/wp\/v2\/posts\/1448"}],"collection":[{"href":"http:\/\/www.musicadeon.com\/index.php\/wp-json\/wp\/v2\/posts"}],"about":[{"href":"http:\/\/www.musicadeon.com\/index.php\/wp-json\/wp\/v2\/types\/post"}],"author":[{"embeddable":true,"href":"http:\/\/www.musicadeon.com\/index.php\/wp-json\/wp\/v2\/users\/1"}],"replies":[{"embeddable":true,"href":"http:\/\/www.musicadeon.com\/index.php\/wp-json\/wp\/v2\/comments?post=1448"}],"version-history":[{"count":0,"href":"http:\/\/www.musicadeon.com\/index.php\/wp-json\/wp\/v2\/posts\/1448\/revisions"}],"wp:attachment":[{"href":"http:\/\/www.musicadeon.com\/index.php\/wp-json\/wp\/v2\/media?parent=1448"}],"wp:term":[{"taxonomy":"category","embeddable":true,"href":"http:\/\/www.musicadeon.com\/index.php\/wp-json\/wp\/v2\/categories?post=1448"},{"taxonomy":"post_tag","embeddable":true,"href":"http:\/\/www.musicadeon.com\/index.php\/wp-json\/wp\/v2\/tags?post=1448"}],"curies":[{"name":"wp","href":"https:\/\/api.w.org\/{rel}","templated":true}]}}