{"id":1460,"date":"2004-07-07T02:00:00","date_gmt":"2004-07-07T00:00:00","guid":{"rendered":"http:\/\/www.musicadeon.com\/index.php\/2004\/07\/07\/a-vos-agendas-11-07-2004-4\/"},"modified":"2004-07-07T02:00:00","modified_gmt":"2004-07-07T00:00:00","slug":"a-vos-agendas-11-07-2004-4","status":"publish","type":"post","link":"http:\/\/www.musicadeon.com\/index.php\/2004\/07\/07\/a-vos-agendas-11-07-2004-4\/","title":{"rendered":"\u00c0 vos agendas (11-07-2004)"},"content":{"rendered":"<p>Le Dimanche 11 Juillet \u00e8 19h30 DIDIER RENARD avec l&rsquo;accord\u00e9onniste RENE DEPAS\u00a0\u00bbF\u00eate\u00a0\u00bb \u00e0 Ambressin Hannut-Wasseige(Belgique)     <\/p>\n","protected":false},"excerpt":{"rendered":"<p>Le Dimanche 11 Juillet \u00e8 19h30 DIDIER RENARD avec l&rsquo;accord\u00e9onniste RENE DEPAS\u00a0\u00bbF\u00eate\u00a0\u00bb \u00e0 Ambressin Hannut-Wasseige(Belgique)<\/p>\n","protected":false},"author":1,"featured_media":0,"comment_status":"closed","ping_status":"open","sticky":false,"template":"","format":"standard","meta":[],"categories":[1],"tags":[],"_links":{"self":[{"href":"http:\/\/www.musicadeon.com\/index.php\/wp-json\/wp\/v2\/posts\/1460"}],"collection":[{"href":"http:\/\/www.musicadeon.com\/index.php\/wp-json\/wp\/v2\/posts"}],"about":[{"href":"http:\/\/www.musicadeon.com\/index.php\/wp-json\/wp\/v2\/types\/post"}],"author":[{"embeddable":true,"href":"http:\/\/www.musicadeon.com\/index.php\/wp-json\/wp\/v2\/users\/1"}],"replies":[{"embeddable":true,"href":"http:\/\/www.musicadeon.com\/index.php\/wp-json\/wp\/v2\/comments?post=1460"}],"version-history":[{"count":0,"href":"http:\/\/www.musicadeon.com\/index.php\/wp-json\/wp\/v2\/posts\/1460\/revisions"}],"wp:attachment":[{"href":"http:\/\/www.musicadeon.com\/index.php\/wp-json\/wp\/v2\/media?parent=1460"}],"wp:term":[{"taxonomy":"category","embeddable":true,"href":"http:\/\/www.musicadeon.com\/index.php\/wp-json\/wp\/v2\/categories?post=1460"},{"taxonomy":"post_tag","embeddable":true,"href":"http:\/\/www.musicadeon.com\/index.php\/wp-json\/wp\/v2\/tags?post=1460"}],"curies":[{"name":"wp","href":"https:\/\/api.w.org\/{rel}","templated":true}]}}