{"id":1542,"date":"2004-09-15T02:00:00","date_gmt":"2004-09-15T00:00:00","guid":{"rendered":"http:\/\/www.musicadeon.com\/index.php\/2004\/09\/15\/a-vos-agendas-26-09-2004-4\/"},"modified":"2004-09-15T02:00:00","modified_gmt":"2004-09-15T00:00:00","slug":"a-vos-agendas-26-09-2004-4","status":"publish","type":"post","link":"http:\/\/www.musicadeon.com\/index.php\/2004\/09\/15\/a-vos-agendas-26-09-2004-4\/","title":{"rendered":"\u00c0 vos agendas (26-09-2004)"},"content":{"rendered":"<p>26\/09 \u2013 \u00ab AU PERE MATHIEU \u00bb \u00e0 Landrecies de 15h \u00e0 20h.l&rsquo;accord\u00e9oniste YVES LEYNAERT\t<\/p>\n","protected":false},"excerpt":{"rendered":"<p>26\/09 \u2013 \u00ab AU PERE MATHIEU \u00bb \u00e0 Landrecies de 15h \u00e0 20h.l&rsquo;accord\u00e9oniste YVES LEYNAERT<\/p>\n","protected":false},"author":1,"featured_media":0,"comment_status":"closed","ping_status":"open","sticky":false,"template":"","format":"standard","meta":[],"categories":[1],"tags":[],"_links":{"self":[{"href":"http:\/\/www.musicadeon.com\/index.php\/wp-json\/wp\/v2\/posts\/1542"}],"collection":[{"href":"http:\/\/www.musicadeon.com\/index.php\/wp-json\/wp\/v2\/posts"}],"about":[{"href":"http:\/\/www.musicadeon.com\/index.php\/wp-json\/wp\/v2\/types\/post"}],"author":[{"embeddable":true,"href":"http:\/\/www.musicadeon.com\/index.php\/wp-json\/wp\/v2\/users\/1"}],"replies":[{"embeddable":true,"href":"http:\/\/www.musicadeon.com\/index.php\/wp-json\/wp\/v2\/comments?post=1542"}],"version-history":[{"count":0,"href":"http:\/\/www.musicadeon.com\/index.php\/wp-json\/wp\/v2\/posts\/1542\/revisions"}],"wp:attachment":[{"href":"http:\/\/www.musicadeon.com\/index.php\/wp-json\/wp\/v2\/media?parent=1542"}],"wp:term":[{"taxonomy":"category","embeddable":true,"href":"http:\/\/www.musicadeon.com\/index.php\/wp-json\/wp\/v2\/categories?post=1542"},{"taxonomy":"post_tag","embeddable":true,"href":"http:\/\/www.musicadeon.com\/index.php\/wp-json\/wp\/v2\/tags?post=1542"}],"curies":[{"name":"wp","href":"https:\/\/api.w.org\/{rel}","templated":true}]}}