{"id":1556,"date":"2004-09-23T02:00:00","date_gmt":"2004-09-23T00:00:00","guid":{"rendered":"http:\/\/www.musicadeon.com\/index.php\/2004\/09\/23\/8-eme-festval-de-laccordeon-a-soignie-belgique\/"},"modified":"2004-09-23T02:00:00","modified_gmt":"2004-09-23T00:00:00","slug":"8-eme-festval-de-laccordeon-a-soignie-belgique","status":"publish","type":"post","link":"http:\/\/www.musicadeon.com\/index.php\/2004\/09\/23\/8-eme-festval-de-laccordeon-a-soignie-belgique\/","title":{"rendered":"8 \u00e8me Festval de L&rsquo;accord\u00e9on \u00e0 SOIGNIE (Belgique)"},"content":{"rendered":"<p><P align=center><IMG src=\"\/A\/N\/D\/soignie01102004.jpg\"> <\/P><P align=center><a href=\"http:\/\/www.musicadeon.com\/\" target=_new rel=\"noopener noreferrer\">http:\/\/www.musicadeon.com<\/A><\/P><P align=center><a href=\"http:\/\/www.sptja.com\/\" target=_new rel=\"noopener noreferrer\">http:\/\/www.sptja.com<\/A><\/P><P align=center><a href=\"http:\/\/hainaut.wallonie.be\/spip\/article.php3?id_article=152\" target=_new rel=\"noopener noreferrer\">http:\/\/hainaut.wallonie.be\/spip\/article.php3?id_article=152<\/A><\/P><P align=center><i><b>Festival de l&rsquo;Accord\u00e9on \u00e0 soignies D\u00e9part le Vendredi 1 er avec Turlu Tursu, Aldo Granato<\/b><\/i><\/P><P align=center><i><b>Le Samedi 2 \u00e0 20H30 le Trio des Souflets\u00e0 la Charantaise<\/b><\/i><\/P><P align=center><i><b>le Dimanche 3 \u00e0 11H en la chapelle st rock \u00e0 soignies le Trio des Souflets Khasma<\/b><\/i><\/P><P align=center><i><b>le Samedi 9 \u00e0 15H \u00e0 la Maison du Peuple Festival d&rsquo;accord\u00e9on avec la princesse de l&rsquo;accord\u00e9on Erika et les Irr\u00e9ductibles du musette<\/b><\/i><\/P><P align=center><i><b>le Dimanche 10 \u00e0 16H les Soufleurs de Col\u00e8re<\/b><\/i><\/P><P align=center><\/P><P align=center><\/P><\/p>\n","protected":false},"excerpt":{"rendered":"<p>http:\/\/www.musicadeon.comhttp:\/\/www.sptja.comhttp:\/\/hainaut.wallonie.be\/spip\/article.php3?id_article=152Festival de l&rsquo;Accord\u00e9on \u00e0 soignies D\u00e9part le Vendredi 1 er avec Turlu Tursu, Aldo GranatoLe Samedi 2 \u00e0 20H30 le Trio des Souflets\u00e0 la Charantaisele&#8230;<\/p>\n","protected":false},"author":1,"featured_media":0,"comment_status":"closed","ping_status":"open","sticky":false,"template":"","format":"standard","meta":[],"categories":[3],"tags":[5],"_links":{"self":[{"href":"http:\/\/www.musicadeon.com\/index.php\/wp-json\/wp\/v2\/posts\/1556"}],"collection":[{"href":"http:\/\/www.musicadeon.com\/index.php\/wp-json\/wp\/v2\/posts"}],"about":[{"href":"http:\/\/www.musicadeon.com\/index.php\/wp-json\/wp\/v2\/types\/post"}],"author":[{"embeddable":true,"href":"http:\/\/www.musicadeon.com\/index.php\/wp-json\/wp\/v2\/users\/1"}],"replies":[{"embeddable":true,"href":"http:\/\/www.musicadeon.com\/index.php\/wp-json\/wp\/v2\/comments?post=1556"}],"version-history":[{"count":0,"href":"http:\/\/www.musicadeon.com\/index.php\/wp-json\/wp\/v2\/posts\/1556\/revisions"}],"wp:attachment":[{"href":"http:\/\/www.musicadeon.com\/index.php\/wp-json\/wp\/v2\/media?parent=1556"}],"wp:term":[{"taxonomy":"category","embeddable":true,"href":"http:\/\/www.musicadeon.com\/index.php\/wp-json\/wp\/v2\/categories?post=1556"},{"taxonomy":"post_tag","embeddable":true,"href":"http:\/\/www.musicadeon.com\/index.php\/wp-json\/wp\/v2\/tags?post=1556"}],"curies":[{"name":"wp","href":"https:\/\/api.w.org\/{rel}","templated":true}]}}