{"id":1567,"date":"2004-09-27T02:00:00","date_gmt":"2004-09-27T00:00:00","guid":{"rendered":"http:\/\/www.musicadeon.com\/index.php\/2004\/09\/27\/marche-de-noel-et-artisanal-annuelle-de-lasbl-s-p-t-j-a-les-27-et-28-novembre-2004\/"},"modified":"2004-09-27T02:00:00","modified_gmt":"2004-09-27T00:00:00","slug":"marche-de-noel-et-artisanal-annuelle-de-lasbl-s-p-t-j-a-les-27-et-28-novembre-2004","status":"publish","type":"post","link":"http:\/\/www.musicadeon.com\/index.php\/2004\/09\/27\/marche-de-noel-et-artisanal-annuelle-de-lasbl-s-p-t-j-a-les-27-et-28-novembre-2004\/","title":{"rendered":"March\u00e9 de No\u00ebl et Artisanal Annuelle de l&rsquo;Asbl S.P.T.J.A. les 27 et  28 Novembre 2004"},"content":{"rendered":"<p><P><FONT size=+1><I><B><U><\/U><\/B><\/I><\/FONT><\/P><P><FONT size=+1><P align=center><IMG style=\"WIDTH:56px;HEIGHT:52px\" height=115 src=\"\/A\/N\/D\/Logo-sptja-web.jpg\" width=674> <\/P><P align=left><SUP><FONT size=4><B><FONT color=#000099>Oh!Oh!Oh! Brave Gens l&rsquo;Asbl S.P.T.J.A.<\/FONT> vous invite \u00e0 venir d\u00e9couvrir des artisans, d\u00e9guster des produits bio dans les serres du \u00ab\u00a0JARDIN FLEURI\u00a0\u00bb 4 rue du bourdon au chevauchoir 5170 \u00e0 lesves (Belgique) les <FONT color=#c00>27 et 28 Novembre<\/FONT><FONT color=#336600> de 10 \u00e0 18h \u00e0 l&rsquo;occasion de leur March\u00e9 de No\u00ebl et Artisanal annuelle<\/FONT> dans une ambiance chaleureuse et conviviale avec des artistes bien de chez nous et la venue du <FONT color=#336600>P\u00e8re No\u00ebl<\/FONT> invitation \u00e0 tous Info:++32(0)475.20.58.04<\/B><\/FONT> <FONT size=4><B>ou<\/B><\/FONT> <A href=\"mailto:sptja@sptja.com\"><FONT size=4>sptja@sptja.com<\/FONT><\/A><\/SUP><\/P><\/FONT><P align=center><IMG src=\"\/A\/N\/D\/march-noel20041014.jpg\"> <\/P><P align=center><b><FONT color=#000099 size=4><i>Avec en interm\u00e8de l&rsquo;humoriste <FONT color=#ff0000>Henri Golan<\/FONT>, la chanteuse <FONT color=#ff0000>Annie loris<\/FONT>,<\/i><\/FONT><\/b><\/P><P align=center><b><FONT color=#000099 size=4><i><FONT color=#ff0000>Annie Duparc<\/FONT>, l&rsquo;accord\u00e9oniste <FONT color=#ff0000>Antonio Azzara<\/FONT> <\/i><\/FONT><\/b><\/P><P align=center><b><FONT color=#000099 size=4><i>le Franck Micka\u00ebl belge <FONT color=#ff0000>G\u00ebatan<\/FONT> <\/i><\/FONT><\/b><\/P><P align=center><b><FONT color=#000099 size=4><i>La princesse de l&rsquo;accor\u00e9don <FONT color=#ff0000><a href=\"http:\/\/www.erika.be\/\" target=_blank rel=\"noopener noreferrer\">Erika<\/A><\/FONT> sans oublier bien d&rsquo;autres artistes qui viendront nous rendre une petite visite<\/i><\/FONT><\/b><\/P><P align=center><b><FONT color=#000099 size=4><i>Le Dimanche apr\u00e8s-midi en musique avec le duo <FONT color=#ff0000>Jo Martens<\/FONT> au clavier <\/i><\/FONT><\/b><\/P><P align=center><b><FONT color=#000099 size=4><i>et <FONT color=#ff0000>Jean-marie<\/FONT> <FONT color=#ff0000>Hembersin<\/FONT><\/i><\/FONT><\/b><FONT color=#ff0000> <\/FONT><\/P><P align=center><a href=\"http:\/\/www.sptja.com\/\" target=_new rel=\"noopener noreferrer\">http:\/\/www.sptja.com<\/A><\/P><P align=center><a href=\"http:\/\/www.musicadeon.com\/\" target=_new rel=\"noopener noreferrer\">http:\/\/www.musicadeon.com<\/A><\/P><\/p>\n","protected":false},"excerpt":{"rendered":"<p>Oh!Oh!Oh! Brave Gens l&rsquo;Asbl S.P.T.J.A. vous invite \u00e0 venir d\u00e9couvrir des artisans, d\u00e9guster des produits bio dans les serres du \u00ab\u00a0JARDIN FLEURI\u00a0\u00bb 4 rue du&#8230;<\/p>\n","protected":false},"author":1,"featured_media":0,"comment_status":"closed","ping_status":"open","sticky":false,"template":"","format":"standard","meta":[],"categories":[3],"tags":[5],"_links":{"self":[{"href":"http:\/\/www.musicadeon.com\/index.php\/wp-json\/wp\/v2\/posts\/1567"}],"collection":[{"href":"http:\/\/www.musicadeon.com\/index.php\/wp-json\/wp\/v2\/posts"}],"about":[{"href":"http:\/\/www.musicadeon.com\/index.php\/wp-json\/wp\/v2\/types\/post"}],"author":[{"embeddable":true,"href":"http:\/\/www.musicadeon.com\/index.php\/wp-json\/wp\/v2\/users\/1"}],"replies":[{"embeddable":true,"href":"http:\/\/www.musicadeon.com\/index.php\/wp-json\/wp\/v2\/comments?post=1567"}],"version-history":[{"count":0,"href":"http:\/\/www.musicadeon.com\/index.php\/wp-json\/wp\/v2\/posts\/1567\/revisions"}],"wp:attachment":[{"href":"http:\/\/www.musicadeon.com\/index.php\/wp-json\/wp\/v2\/media?parent=1567"}],"wp:term":[{"taxonomy":"category","embeddable":true,"href":"http:\/\/www.musicadeon.com\/index.php\/wp-json\/wp\/v2\/categories?post=1567"},{"taxonomy":"post_tag","embeddable":true,"href":"http:\/\/www.musicadeon.com\/index.php\/wp-json\/wp\/v2\/tags?post=1567"}],"curies":[{"name":"wp","href":"https:\/\/api.w.org\/{rel}","templated":true}]}}