{"id":1668,"date":"2004-12-15T01:00:00","date_gmt":"2004-12-15T00:00:00","guid":{"rendered":"http:\/\/www.musicadeon.com\/index.php\/2004\/12\/15\/a-vos-agendas-03-12-2005\/"},"modified":"2004-12-15T01:00:00","modified_gmt":"2004-12-15T00:00:00","slug":"a-vos-agendas-03-12-2005","status":"publish","type":"post","link":"http:\/\/www.musicadeon.com\/index.php\/2004\/12\/15\/a-vos-agendas-03-12-2005\/","title":{"rendered":"\u00c0 vos agendas (03-12-2005)"},"content":{"rendered":"<p>Le Samedi 3 D\u00e9cembre 2005 la princesse de l&rsquo;accord\u00e9on <a href=\"http:\/\/www.erika.be\" target=\"_blank\" rel=\"noopener noreferrer\">Erika<\/a> vous invite dans les serres du \u00ab\u00a0JARDIN FLEURI\u00a0\u00bb \u00e0 Lesves (BELGIQUE) pour une apr\u00e8s-midi dansante \u00e0 14H Info:++(0)475\/20.58.04<\/p>\n","protected":false},"excerpt":{"rendered":"<p>Le Samedi 3 D\u00e9cembre 2005 la princesse de l&rsquo;accord\u00e9on Erika vous invite dans les serres du \u00ab\u00a0JARDIN FLEURI\u00a0\u00bb \u00e0 Lesves (BELGIQUE) pour une apr\u00e8s-midi dansante&#8230;<\/p>\n","protected":false},"author":1,"featured_media":0,"comment_status":"closed","ping_status":"open","sticky":false,"template":"","format":"standard","meta":[],"categories":[1],"tags":[],"_links":{"self":[{"href":"http:\/\/www.musicadeon.com\/index.php\/wp-json\/wp\/v2\/posts\/1668"}],"collection":[{"href":"http:\/\/www.musicadeon.com\/index.php\/wp-json\/wp\/v2\/posts"}],"about":[{"href":"http:\/\/www.musicadeon.com\/index.php\/wp-json\/wp\/v2\/types\/post"}],"author":[{"embeddable":true,"href":"http:\/\/www.musicadeon.com\/index.php\/wp-json\/wp\/v2\/users\/1"}],"replies":[{"embeddable":true,"href":"http:\/\/www.musicadeon.com\/index.php\/wp-json\/wp\/v2\/comments?post=1668"}],"version-history":[{"count":0,"href":"http:\/\/www.musicadeon.com\/index.php\/wp-json\/wp\/v2\/posts\/1668\/revisions"}],"wp:attachment":[{"href":"http:\/\/www.musicadeon.com\/index.php\/wp-json\/wp\/v2\/media?parent=1668"}],"wp:term":[{"taxonomy":"category","embeddable":true,"href":"http:\/\/www.musicadeon.com\/index.php\/wp-json\/wp\/v2\/categories?post=1668"},{"taxonomy":"post_tag","embeddable":true,"href":"http:\/\/www.musicadeon.com\/index.php\/wp-json\/wp\/v2\/tags?post=1668"}],"curies":[{"name":"wp","href":"https:\/\/api.w.org\/{rel}","templated":true}]}}