{"id":1672,"date":"2004-12-10T01:00:00","date_gmt":"2004-12-10T00:00:00","guid":{"rendered":"http:\/\/www.musicadeon.com\/index.php\/2004\/12\/10\/a-vos-agendas-14-12-2004\/"},"modified":"2004-12-10T01:00:00","modified_gmt":"2004-12-10T00:00:00","slug":"a-vos-agendas-14-12-2004","status":"publish","type":"post","link":"http:\/\/www.musicadeon.com\/index.php\/2004\/12\/10\/a-vos-agendas-14-12-2004\/","title":{"rendered":"\u00c0 vos agendas (14-12-2004)"},"content":{"rendered":"<p>Le Mardi 14 D\u00e9cembre 2004 \u00e0 12H 30 la princesse de l&rsquo;accord\u00e9on <a href=\"http:\/\/www.erika.be\" target=\"_blank\" rel=\"noopener noreferrer\">Erika<\/a> animera un apr\u00e8s midi segnors \u00e0 la \u00ab\u00a0Fermette du Pr\u00e9au\u00a0\u00bb \u00e0 Blaton (Belgique) Info:++32(0)475\/20.58.04<\/p>\n","protected":false},"excerpt":{"rendered":"<p>Le Mardi 14 D\u00e9cembre 2004 \u00e0 12H 30 la princesse de l&rsquo;accord\u00e9on Erika animera un apr\u00e8s midi segnors \u00e0 la \u00ab\u00a0Fermette du Pr\u00e9au\u00a0\u00bb \u00e0 Blaton&#8230;<\/p>\n","protected":false},"author":1,"featured_media":0,"comment_status":"closed","ping_status":"open","sticky":false,"template":"","format":"standard","meta":[],"categories":[1],"tags":[],"_links":{"self":[{"href":"http:\/\/www.musicadeon.com\/index.php\/wp-json\/wp\/v2\/posts\/1672"}],"collection":[{"href":"http:\/\/www.musicadeon.com\/index.php\/wp-json\/wp\/v2\/posts"}],"about":[{"href":"http:\/\/www.musicadeon.com\/index.php\/wp-json\/wp\/v2\/types\/post"}],"author":[{"embeddable":true,"href":"http:\/\/www.musicadeon.com\/index.php\/wp-json\/wp\/v2\/users\/1"}],"replies":[{"embeddable":true,"href":"http:\/\/www.musicadeon.com\/index.php\/wp-json\/wp\/v2\/comments?post=1672"}],"version-history":[{"count":0,"href":"http:\/\/www.musicadeon.com\/index.php\/wp-json\/wp\/v2\/posts\/1672\/revisions"}],"wp:attachment":[{"href":"http:\/\/www.musicadeon.com\/index.php\/wp-json\/wp\/v2\/media?parent=1672"}],"wp:term":[{"taxonomy":"category","embeddable":true,"href":"http:\/\/www.musicadeon.com\/index.php\/wp-json\/wp\/v2\/categories?post=1672"},{"taxonomy":"post_tag","embeddable":true,"href":"http:\/\/www.musicadeon.com\/index.php\/wp-json\/wp\/v2\/tags?post=1672"}],"curies":[{"name":"wp","href":"https:\/\/api.w.org\/{rel}","templated":true}]}}