{"id":1687,"date":"2004-12-16T01:00:00","date_gmt":"2004-12-16T00:00:00","guid":{"rendered":"http:\/\/www.musicadeon.com\/index.php\/2004\/12\/16\/revue-farlicht-a-la-recherche-dagents-artistiques\/"},"modified":"2004-12-16T01:00:00","modified_gmt":"2004-12-16T00:00:00","slug":"revue-farlicht-a-la-recherche-dagents-artistiques","status":"publish","type":"post","link":"http:\/\/www.musicadeon.com\/index.php\/2004\/12\/16\/revue-farlicht-a-la-recherche-dagents-artistiques\/","title":{"rendered":"Revue \u00a0\u00bbFARLICHT\u00a0\u00bb  \u00e0 la recherche d\u2019agents artistiques"},"content":{"rendered":"<p><P align=center><IMG src=\"\/A\/N\/D\/revuefarlicht20041216.jpg\"> <\/P><P><FONT face=Arial><SPAN style=\"FONT-SIZE:10pt;FONT-FAMILY:Arial\"><b><i><FONT color=#996600><FONT size=3>En effet, nous sommes \u00e0 la recherche d\u2019agents artistiques d\u00e9sireux int\u00e9grer dans leur catalogue une nouvelle revue Fran&ccedil;aise et la produire.<\/FONT><\/FONT><\/i><\/b><\/SPAN><\/FONT><\/P><P><FONT face=Arial color=#996600 size=3><SPAN style=\"FONT-SIZE:10pt;FONT-FAMILY:Arial\"><\/p>\n<p><b><i><\/i><\/b><\/p>\n<p><\/SPAN><\/FONT><FONT face=Arial><SPAN style=\"FONT-SIZE:10pt;FONT-FAMILY:Arial\"><b><i><FONT color=#996600><FONT size=3>C\u2019est pourquoi nous vous contactons.<\/p>\n<p><\/FONT><\/FONT><\/i><\/b><\/SPAN><\/FONT><\/P><P><FONT face=Arial color=#996600 size=3><SPAN style=\"FONT-SIZE:10pt;FONT-FAMILY:Arial\"><\/p>\n<p><b><i><\/i><\/b><\/p>\n<p><\/SPAN><\/FONT><FONT face=Arial><SPAN style=\"FONT-SIZE:10pt;FONT-FAMILY:Arial\"><b><i><FONT color=#996600><FONT size=3>Devant nous rendre tr\u00e8s prochainement en Belgique pour \u00e9tablir des relations avec diff\u00e9rentes structures, nous esp\u00e9rons avoir de vos nouvelles.<\/p>\n<p><\/FONT><\/FONT><\/i><\/b><\/SPAN><\/FONT><\/P><P><FONT face=Arial color=#996600 size=3><SPAN style=\"FONT-SIZE:10pt;FONT-FAMILY:Arial\"><\/p>\n<p><b><i><\/i><\/b><\/p>\n<p><\/SPAN><\/FONT><FONT face=Arial><SPAN style=\"FONT-SIZE:10pt;FONT-FAMILY:Arial\"><b><i><FONT color=#996600><FONT size=3>Dans l\u2019attente,<\/p>\n<p><\/FONT><\/FONT><\/i><\/b><\/SPAN><\/FONT><\/P><P><FONT face=Arial color=#996600 size=3><SPAN style=\"FONT-SIZE:10pt;FONT-FAMILY:Arial\"><\/p>\n<p><b><i><\/i><\/b><\/p>\n<p><\/SPAN><\/FONT><FONT face=Arial><SPAN style=\"FONT-SIZE:10pt;FONT-FAMILY:Arial\"><b><i><FONT color=#996600><FONT size=3>Veuillez croire, Madame Monsieur, en nos sentiments les meilleurs.<\/p>\n<p><\/FONT><\/FONT><\/i><\/b><\/SPAN><\/FONT><\/P><P><FONT face=Arial color=#996600 size=3><SPAN style=\"FONT-SIZE:10pt;FONT-FAMILY:Arial\"><\/p>\n<p><b><i><FONT color=#c00><\/FONT><\/i><\/b><\/p>\n<p><\/SPAN><\/FONT><FONT face=Arial><SPAN style=\"FONT-SIZE:10pt;FONT-FAMILY:Arial\"><b><i><FONT size=3><FONT color=#c00>F. ITALIA<\/p>\n<p><\/FONT><\/FONT><\/i><\/b><\/SPAN><\/FONT><\/P><P><FONT color=#c00><FONT face=Arial size=3><SPAN style=\"FONT-SIZE:10pt;FONT-FAMILY:Arial\"><\/p>\n<p><b><i><\/i><\/b><\/p>\n<p><\/SPAN><\/FONT><FONT face=Arial><SPAN style=\"FONT-SIZE:10pt;FONT-FAMILY:Arial\"><b><i><FONT size=3>00 33 494 26 30 04<\/p>\n<p><\/FONT><\/i><\/b><\/SPAN><\/FONT><\/FONT><\/P><P><FONT face=Arial><SPAN style=\"FONT-SIZE:10pt;FONT-FAMILY:Arial\"><b><i><FONT size=3><FONT color=#c00>00 33 621 55 76 64<\/p>\n<p><\/FONT><\/FONT><\/i><\/b><\/SPAN><\/FONT><\/P><P><FONT face=Arial color=#996600 size=3><SPAN style=\"FONT-SIZE:10pt;FONT-FAMILY:Arial\"><\/p>\n<p><b><i><\/i><\/b><\/p>\n<p><\/SPAN><\/FONT><\/P><\/p>\n","protected":false},"excerpt":{"rendered":"<p>En effet, nous sommes \u00e0 la recherche d\u2019agents artistiques d\u00e9sireux int\u00e9grer dans leur catalogue une nouvelle revue Fran&ccedil;aise et la produire. C\u2019est pourquoi nous vous&#8230;<\/p>\n","protected":false},"author":1,"featured_media":0,"comment_status":"closed","ping_status":"open","sticky":false,"template":"","format":"standard","meta":[],"categories":[3],"tags":[5],"_links":{"self":[{"href":"http:\/\/www.musicadeon.com\/index.php\/wp-json\/wp\/v2\/posts\/1687"}],"collection":[{"href":"http:\/\/www.musicadeon.com\/index.php\/wp-json\/wp\/v2\/posts"}],"about":[{"href":"http:\/\/www.musicadeon.com\/index.php\/wp-json\/wp\/v2\/types\/post"}],"author":[{"embeddable":true,"href":"http:\/\/www.musicadeon.com\/index.php\/wp-json\/wp\/v2\/users\/1"}],"replies":[{"embeddable":true,"href":"http:\/\/www.musicadeon.com\/index.php\/wp-json\/wp\/v2\/comments?post=1687"}],"version-history":[{"count":0,"href":"http:\/\/www.musicadeon.com\/index.php\/wp-json\/wp\/v2\/posts\/1687\/revisions"}],"wp:attachment":[{"href":"http:\/\/www.musicadeon.com\/index.php\/wp-json\/wp\/v2\/media?parent=1687"}],"wp:term":[{"taxonomy":"category","embeddable":true,"href":"http:\/\/www.musicadeon.com\/index.php\/wp-json\/wp\/v2\/categories?post=1687"},{"taxonomy":"post_tag","embeddable":true,"href":"http:\/\/www.musicadeon.com\/index.php\/wp-json\/wp\/v2\/tags?post=1687"}],"curies":[{"name":"wp","href":"https:\/\/api.w.org\/{rel}","templated":true}]}}