{"id":1691,"date":"2004-12-20T01:00:00","date_gmt":"2004-12-20T00:00:00","guid":{"rendered":"http:\/\/www.musicadeon.com\/index.php\/2004\/12\/20\/a-vos-agendas-21-07-2005\/"},"modified":"2004-12-20T01:00:00","modified_gmt":"2004-12-20T00:00:00","slug":"a-vos-agendas-21-07-2005","status":"publish","type":"post","link":"http:\/\/www.musicadeon.com\/index.php\/2004\/12\/20\/a-vos-agendas-21-07-2005\/","title":{"rendered":"\u00c0 vos agendas (21-07-2005)"},"content":{"rendered":"<p>Le Jeudi 21 Juillet mini festival d&rsquo;accord\u00e9on au dancing \u00ab\u00a0LA LOCOMOTIVE\u00a0\u00bb \u00e0 Barben\u00e7on (Belgique) avec les accord\u00e9onistes suivant, ANTONY BASILICO, GUY TILLEUX, CARINE ET SYLVIANE MERCIER.<\/p>\n","protected":false},"excerpt":{"rendered":"<p>Le Jeudi 21 Juillet mini festival d&rsquo;accord\u00e9on au dancing \u00ab\u00a0LA LOCOMOTIVE\u00a0\u00bb \u00e0 Barben\u00e7on (Belgique) avec les accord\u00e9onistes suivant, ANTONY BASILICO, GUY TILLEUX, CARINE ET SYLVIANE&#8230;<\/p>\n","protected":false},"author":1,"featured_media":0,"comment_status":"closed","ping_status":"open","sticky":false,"template":"","format":"standard","meta":[],"categories":[1],"tags":[],"_links":{"self":[{"href":"http:\/\/www.musicadeon.com\/index.php\/wp-json\/wp\/v2\/posts\/1691"}],"collection":[{"href":"http:\/\/www.musicadeon.com\/index.php\/wp-json\/wp\/v2\/posts"}],"about":[{"href":"http:\/\/www.musicadeon.com\/index.php\/wp-json\/wp\/v2\/types\/post"}],"author":[{"embeddable":true,"href":"http:\/\/www.musicadeon.com\/index.php\/wp-json\/wp\/v2\/users\/1"}],"replies":[{"embeddable":true,"href":"http:\/\/www.musicadeon.com\/index.php\/wp-json\/wp\/v2\/comments?post=1691"}],"version-history":[{"count":0,"href":"http:\/\/www.musicadeon.com\/index.php\/wp-json\/wp\/v2\/posts\/1691\/revisions"}],"wp:attachment":[{"href":"http:\/\/www.musicadeon.com\/index.php\/wp-json\/wp\/v2\/media?parent=1691"}],"wp:term":[{"taxonomy":"category","embeddable":true,"href":"http:\/\/www.musicadeon.com\/index.php\/wp-json\/wp\/v2\/categories?post=1691"},{"taxonomy":"post_tag","embeddable":true,"href":"http:\/\/www.musicadeon.com\/index.php\/wp-json\/wp\/v2\/tags?post=1691"}],"curies":[{"name":"wp","href":"https:\/\/api.w.org\/{rel}","templated":true}]}}