{"id":1736,"date":"2004-12-22T01:00:00","date_gmt":"2004-12-22T00:00:00","guid":{"rendered":"http:\/\/www.musicadeon.com\/index.php\/2004\/12\/22\/concert-de-noel-a-franiere-belgique\/"},"modified":"2004-12-22T01:00:00","modified_gmt":"2004-12-22T00:00:00","slug":"concert-de-noel-a-franiere-belgique","status":"publish","type":"post","link":"http:\/\/www.musicadeon.com\/index.php\/2004\/12\/22\/concert-de-noel-a-franiere-belgique\/","title":{"rendered":"Concert de No\u00ebl \u00e0 Frani\u00e8re (Belgique)"},"content":{"rendered":"<p><FONT size=4>Ce Dimanche 26 D\u00e9cembre 2004 concert de no\u00ebl \u00e0 frani\u00e8re au centre culturelle d\u00e8s 20 H au couleurs Mexicaines pour d\u00e9couvrir un no\u00ebl pas comme<\/FONT> <FONT size=4>les autres<\/FONT><\/p>\n","protected":false},"excerpt":{"rendered":"<p>Ce Dimanche 26 D\u00e9cembre 2004 concert de no\u00ebl \u00e0 frani\u00e8re au centre culturelle d\u00e8s 20 H au couleurs Mexicaines pour d\u00e9couvrir un no\u00ebl pas comme&#8230;<\/p>\n","protected":false},"author":1,"featured_media":0,"comment_status":"closed","ping_status":"open","sticky":false,"template":"","format":"standard","meta":[],"categories":[3],"tags":[5],"_links":{"self":[{"href":"http:\/\/www.musicadeon.com\/index.php\/wp-json\/wp\/v2\/posts\/1736"}],"collection":[{"href":"http:\/\/www.musicadeon.com\/index.php\/wp-json\/wp\/v2\/posts"}],"about":[{"href":"http:\/\/www.musicadeon.com\/index.php\/wp-json\/wp\/v2\/types\/post"}],"author":[{"embeddable":true,"href":"http:\/\/www.musicadeon.com\/index.php\/wp-json\/wp\/v2\/users\/1"}],"replies":[{"embeddable":true,"href":"http:\/\/www.musicadeon.com\/index.php\/wp-json\/wp\/v2\/comments?post=1736"}],"version-history":[{"count":0,"href":"http:\/\/www.musicadeon.com\/index.php\/wp-json\/wp\/v2\/posts\/1736\/revisions"}],"wp:attachment":[{"href":"http:\/\/www.musicadeon.com\/index.php\/wp-json\/wp\/v2\/media?parent=1736"}],"wp:term":[{"taxonomy":"category","embeddable":true,"href":"http:\/\/www.musicadeon.com\/index.php\/wp-json\/wp\/v2\/categories?post=1736"},{"taxonomy":"post_tag","embeddable":true,"href":"http:\/\/www.musicadeon.com\/index.php\/wp-json\/wp\/v2\/tags?post=1736"}],"curies":[{"name":"wp","href":"https:\/\/api.w.org\/{rel}","templated":true}]}}