{"id":1737,"date":"2004-12-22T01:00:00","date_gmt":"2004-12-22T00:00:00","guid":{"rendered":"http:\/\/www.musicadeon.com\/index.php\/2004\/12\/22\/concert-de-nouvel-an-a-namur-belgique\/"},"modified":"2004-12-22T01:00:00","modified_gmt":"2004-12-22T00:00:00","slug":"concert-de-nouvel-an-a-namur-belgique","status":"publish","type":"post","link":"http:\/\/www.musicadeon.com\/index.php\/2004\/12\/22\/concert-de-nouvel-an-a-namur-belgique\/","title":{"rendered":"Concert de Nouvel an \u00e0 Namur (Belgique)"},"content":{"rendered":"<p><FONT size=4><b><i>Namur le Dimanche 2 Janvier 2005 concert de nouvel an \u00e0 14H l&rsquo; Ensemble instrumental de wallonie se produira au Th\u00e9\u00e2tre Royal de Namur<\/i><\/b><\/FONT><\/p>\n","protected":false},"excerpt":{"rendered":"<p>Namur le Dimanche 2 Janvier 2005 concert de nouvel an \u00e0 14H l&rsquo; Ensemble instrumental de wallonie se produira au Th\u00e9\u00e2tre Royal de Namur<\/p>\n","protected":false},"author":1,"featured_media":0,"comment_status":"closed","ping_status":"open","sticky":false,"template":"","format":"standard","meta":[],"categories":[3],"tags":[5],"_links":{"self":[{"href":"http:\/\/www.musicadeon.com\/index.php\/wp-json\/wp\/v2\/posts\/1737"}],"collection":[{"href":"http:\/\/www.musicadeon.com\/index.php\/wp-json\/wp\/v2\/posts"}],"about":[{"href":"http:\/\/www.musicadeon.com\/index.php\/wp-json\/wp\/v2\/types\/post"}],"author":[{"embeddable":true,"href":"http:\/\/www.musicadeon.com\/index.php\/wp-json\/wp\/v2\/users\/1"}],"replies":[{"embeddable":true,"href":"http:\/\/www.musicadeon.com\/index.php\/wp-json\/wp\/v2\/comments?post=1737"}],"version-history":[{"count":0,"href":"http:\/\/www.musicadeon.com\/index.php\/wp-json\/wp\/v2\/posts\/1737\/revisions"}],"wp:attachment":[{"href":"http:\/\/www.musicadeon.com\/index.php\/wp-json\/wp\/v2\/media?parent=1737"}],"wp:term":[{"taxonomy":"category","embeddable":true,"href":"http:\/\/www.musicadeon.com\/index.php\/wp-json\/wp\/v2\/categories?post=1737"},{"taxonomy":"post_tag","embeddable":true,"href":"http:\/\/www.musicadeon.com\/index.php\/wp-json\/wp\/v2\/tags?post=1737"}],"curies":[{"name":"wp","href":"https:\/\/api.w.org\/{rel}","templated":true}]}}