{"id":1738,"date":"2004-12-23T01:00:00","date_gmt":"2004-12-23T00:00:00","guid":{"rendered":"http:\/\/www.musicadeon.com\/index.php\/2004\/12\/23\/a-vos-agendas-05-03-2004\/"},"modified":"2004-12-23T01:00:00","modified_gmt":"2004-12-23T00:00:00","slug":"a-vos-agendas-05-03-2004","status":"publish","type":"post","link":"http:\/\/www.musicadeon.com\/index.php\/2004\/12\/23\/a-vos-agendas-05-03-2004\/","title":{"rendered":"\u00c0 vos agendas (05-03-2004)"},"content":{"rendered":"<p>Le Samedi 5 Mars \u00e0 20H 30 \u00ab\u00a0Parc des expos\u00a0\u00bb Chalon sur Saone (France) retrouver les 5 rois de l&rsquo;accord\u00e9on r\u00e9unis pour la premi\u00e8re fois sur une m\u00eame sc\u00e8ne ANDRE VERCHUREN \/ MAURICE LARCANGE \/ LOUIS CORCHIA \/ MICHEL PRUVOT<\/p>\n","protected":false},"excerpt":{"rendered":"<p>Le Samedi 5 Mars \u00e0 20H 30 \u00ab\u00a0Parc des expos\u00a0\u00bb Chalon sur Saone (France) retrouver les 5 rois de l&rsquo;accord\u00e9on r\u00e9unis pour la premi\u00e8re fois&#8230;<\/p>\n","protected":false},"author":1,"featured_media":0,"comment_status":"closed","ping_status":"open","sticky":false,"template":"","format":"standard","meta":[],"categories":[1],"tags":[],"_links":{"self":[{"href":"http:\/\/www.musicadeon.com\/index.php\/wp-json\/wp\/v2\/posts\/1738"}],"collection":[{"href":"http:\/\/www.musicadeon.com\/index.php\/wp-json\/wp\/v2\/posts"}],"about":[{"href":"http:\/\/www.musicadeon.com\/index.php\/wp-json\/wp\/v2\/types\/post"}],"author":[{"embeddable":true,"href":"http:\/\/www.musicadeon.com\/index.php\/wp-json\/wp\/v2\/users\/1"}],"replies":[{"embeddable":true,"href":"http:\/\/www.musicadeon.com\/index.php\/wp-json\/wp\/v2\/comments?post=1738"}],"version-history":[{"count":0,"href":"http:\/\/www.musicadeon.com\/index.php\/wp-json\/wp\/v2\/posts\/1738\/revisions"}],"wp:attachment":[{"href":"http:\/\/www.musicadeon.com\/index.php\/wp-json\/wp\/v2\/media?parent=1738"}],"wp:term":[{"taxonomy":"category","embeddable":true,"href":"http:\/\/www.musicadeon.com\/index.php\/wp-json\/wp\/v2\/categories?post=1738"},{"taxonomy":"post_tag","embeddable":true,"href":"http:\/\/www.musicadeon.com\/index.php\/wp-json\/wp\/v2\/tags?post=1738"}],"curies":[{"name":"wp","href":"https:\/\/api.w.org\/{rel}","templated":true}]}}