{"id":1785,"date":"2005-01-24T01:00:00","date_gmt":"2005-01-24T00:00:00","guid":{"rendered":"http:\/\/www.musicadeon.com\/index.php\/2005\/01\/24\/la-decouverte-de-la-feminite-au-travers-des-bijoux-dalice-pirson-et-des-photos-de-willy-legros-du-5-au-27-fevrier-a-arbre-belgique\/"},"modified":"2005-01-24T01:00:00","modified_gmt":"2005-01-24T00:00:00","slug":"la-decouverte-de-la-feminite-au-travers-des-bijoux-dalice-pirson-et-des-photos-de-willy-legros-du-5-au-27-fevrier-a-arbre-belgique","status":"publish","type":"post","link":"http:\/\/www.musicadeon.com\/index.php\/2005\/01\/24\/la-decouverte-de-la-feminite-au-travers-des-bijoux-dalice-pirson-et-des-photos-de-willy-legros-du-5-au-27-fevrier-a-arbre-belgique\/","title":{"rendered":"La d\u00e9couverte de la f\u00e9minit\u00e9 au travers des bijoux \u00a0\u00bbD&rsquo;ALICE PIRSON\u00a0\u00bb et des photos de \u00a0\u00bbWILLY LEGROS\u00a0\u00bb du 5 au 27 F\u00e9vrier \u00e0 Arbre (Belgique)"},"content":{"rendered":"<p><P align=center><IMG src=\"\/A\/N\/D\/exparbre20050124.jpg\"> <\/P><P align=center><IMG src=\"\/A\/N\/D\/exparbre20050125.jpg\"> <\/P><P><\/P><P><a href=\"http:\/\/www.arbre.be\/\" target=_new rel=\"noopener noreferrer\">http:\/\/www.arbre.be<\/A><\/P><P><a href=\"http:\/\/www.sptja.com\/\" target=_new rel=\"noopener noreferrer\">http:\/\/www.sptja.com<\/A><\/P><P><a href=\"http:\/\/www.musicadeon.com\/\" target=_new rel=\"noopener noreferrer\">http:\/\/www.musicadeon.com<\/A><\/P><\/p>\n","protected":false},"excerpt":{"rendered":"<p>http:\/\/www.arbre.behttp:\/\/www.sptja.comhttp:\/\/www.musicadeon.com<\/p>\n","protected":false},"author":1,"featured_media":0,"comment_status":"closed","ping_status":"open","sticky":false,"template":"","format":"standard","meta":[],"categories":[3],"tags":[5],"_links":{"self":[{"href":"http:\/\/www.musicadeon.com\/index.php\/wp-json\/wp\/v2\/posts\/1785"}],"collection":[{"href":"http:\/\/www.musicadeon.com\/index.php\/wp-json\/wp\/v2\/posts"}],"about":[{"href":"http:\/\/www.musicadeon.com\/index.php\/wp-json\/wp\/v2\/types\/post"}],"author":[{"embeddable":true,"href":"http:\/\/www.musicadeon.com\/index.php\/wp-json\/wp\/v2\/users\/1"}],"replies":[{"embeddable":true,"href":"http:\/\/www.musicadeon.com\/index.php\/wp-json\/wp\/v2\/comments?post=1785"}],"version-history":[{"count":0,"href":"http:\/\/www.musicadeon.com\/index.php\/wp-json\/wp\/v2\/posts\/1785\/revisions"}],"wp:attachment":[{"href":"http:\/\/www.musicadeon.com\/index.php\/wp-json\/wp\/v2\/media?parent=1785"}],"wp:term":[{"taxonomy":"category","embeddable":true,"href":"http:\/\/www.musicadeon.com\/index.php\/wp-json\/wp\/v2\/categories?post=1785"},{"taxonomy":"post_tag","embeddable":true,"href":"http:\/\/www.musicadeon.com\/index.php\/wp-json\/wp\/v2\/tags?post=1785"}],"curies":[{"name":"wp","href":"https:\/\/api.w.org\/{rel}","templated":true}]}}