{"id":1788,"date":"2005-01-25T01:00:00","date_gmt":"2005-01-25T00:00:00","guid":{"rendered":"http:\/\/www.musicadeon.com\/index.php\/2005\/01\/25\/lasbl-s-p-t-j-a-organise-un-diner-suivi-dun-the-dansant-a-la-salle-communale-de-lesves-belgique\/"},"modified":"2005-01-25T01:00:00","modified_gmt":"2005-01-25T00:00:00","slug":"lasbl-s-p-t-j-a-organise-un-diner-suivi-dun-the-dansant-a-la-salle-communale-de-lesves-belgique","status":"publish","type":"post","link":"http:\/\/www.musicadeon.com\/index.php\/2005\/01\/25\/lasbl-s-p-t-j-a-organise-un-diner-suivi-dun-the-dansant-a-la-salle-communale-de-lesves-belgique\/","title":{"rendered":"L&rsquo;Asbl S.P.T.J.A. organise un D\u00eener suivi d&rsquo;un th\u00e9 dansant \u00e0 la \u00a0\u00bbSALLE COMMUNALE\u00a0\u00bb de LESVES (Belgique)"},"content":{"rendered":"<p><P align=center><IMG src=\"\/A\/N\/D\/dinersptja20050227.jpg\"> <\/P><P><FONT color=#c00 size=4><B><I><U><\/U><\/I><\/B><\/FONT><\/P><P><FONT color=#c00 size=4><B><I>Info: ++32(0)475\/20.58.04<\/I><\/B><\/FONT><\/P><P><B><I><FONT color=#c00 size=4><a href=\"http:\/\/www.sptja.com\/\" target=_new rel=\"noopener noreferrer\">http:\/\/www.sptja.com<\/A><\/FONT><\/I><\/B><\/P><P><B><I><FONT color=#c00 size=4><a href=\"http:\/\/www.musicadeon.com\/\" target=_new rel=\"noopener noreferrer\">http:\/\/www.musicadeon.com<\/A><\/FONT><\/I><\/B><\/P><P><B><I><FONT color=#c00 size=4><a href=\"http:\/\/www.erika.be\/\" target=_new rel=\"noopener noreferrer\">http:\/\/www.erika.be<\/A><\/FONT><\/I><\/B><\/P><\/p>\n","protected":false},"excerpt":{"rendered":"<p>Info: ++32(0)475\/20.58.04http:\/\/www.sptja.comhttp:\/\/www.musicadeon.comhttp:\/\/www.erika.be<\/p>\n","protected":false},"author":1,"featured_media":0,"comment_status":"closed","ping_status":"open","sticky":false,"template":"","format":"standard","meta":[],"categories":[3],"tags":[5],"_links":{"self":[{"href":"http:\/\/www.musicadeon.com\/index.php\/wp-json\/wp\/v2\/posts\/1788"}],"collection":[{"href":"http:\/\/www.musicadeon.com\/index.php\/wp-json\/wp\/v2\/posts"}],"about":[{"href":"http:\/\/www.musicadeon.com\/index.php\/wp-json\/wp\/v2\/types\/post"}],"author":[{"embeddable":true,"href":"http:\/\/www.musicadeon.com\/index.php\/wp-json\/wp\/v2\/users\/1"}],"replies":[{"embeddable":true,"href":"http:\/\/www.musicadeon.com\/index.php\/wp-json\/wp\/v2\/comments?post=1788"}],"version-history":[{"count":0,"href":"http:\/\/www.musicadeon.com\/index.php\/wp-json\/wp\/v2\/posts\/1788\/revisions"}],"wp:attachment":[{"href":"http:\/\/www.musicadeon.com\/index.php\/wp-json\/wp\/v2\/media?parent=1788"}],"wp:term":[{"taxonomy":"category","embeddable":true,"href":"http:\/\/www.musicadeon.com\/index.php\/wp-json\/wp\/v2\/categories?post=1788"},{"taxonomy":"post_tag","embeddable":true,"href":"http:\/\/www.musicadeon.com\/index.php\/wp-json\/wp\/v2\/tags?post=1788"}],"curies":[{"name":"wp","href":"https:\/\/api.w.org\/{rel}","templated":true}]}}