{"id":1791,"date":"2005-01-27T01:00:00","date_gmt":"2005-01-27T00:00:00","guid":{"rendered":"http:\/\/www.musicadeon.com\/index.php\/2005\/01\/27\/festival-national-daccordeon-yvetot-france\/"},"modified":"2005-01-27T01:00:00","modified_gmt":"2005-01-27T00:00:00","slug":"festival-national-daccordeon-yvetot-france","status":"publish","type":"post","link":"http:\/\/www.musicadeon.com\/index.php\/2005\/01\/27\/festival-national-daccordeon-yvetot-france\/","title":{"rendered":"FESTIVAL NATIONAL D&rsquo;ACCORDEON \u00a0\u00bbYVETOT\u00a0\u00bb (FRANCE)"},"content":{"rendered":"<p><P><b><i><FONT style=\"BACKGROUND-COLOR:#cc6600\">Samedi 19 Mars de 19H00 \u00e0 2H00 Festival National D&rsquo;accord\u00e9on \u00e0 Yvetot (76) France<\/FONT><\/i><\/b><\/P><P><b><i><FONT style=\"BACKGROUND-COLOR:#cc6600\">Avec ANDRE LOPPE, ALEXANDRA PARIS, FRANCK VILAIN, PATRICK GAVAND, <\/FONT><\/i><\/b><\/P><P><b><i><FONT style=\"BACKGROUND-COLOR:#cc6600\">BENEDICTE JEULIN, ALAIN VERON, FRANCOIS, PERSIL.<\/FONT><\/i><\/b><\/P><P><b><i><FONT style=\"BACKGROUND-COLOR:#cc6600\">Avec PIERRE CORNEILLE &amp; MIA BJORLINGSON<\/FONT><\/i><\/b><\/P><P><b><i><FONT style=\"BACKGROUND-COLOR:#cc6600\">DANOU chante BOURVIL<\/FONT><\/i><\/b><\/P><P><b><i><FONT style=\"BACKGROUND-COLOR:#cc6600\">Info: 06.11.97.59.59<\/FONT><\/i><\/b><\/P><\/p>\n","protected":false},"excerpt":{"rendered":"<p>Samedi 19 Mars de 19H00 \u00e0 2H00 Festival National D&rsquo;accord\u00e9on \u00e0 Yvetot (76) FranceAvec ANDRE LOPPE, ALEXANDRA PARIS, FRANCK VILAIN, PATRICK GAVAND, BENEDICTE JEULIN, ALAIN&#8230;<\/p>\n","protected":false},"author":1,"featured_media":0,"comment_status":"closed","ping_status":"open","sticky":false,"template":"","format":"standard","meta":[],"categories":[3],"tags":[5],"_links":{"self":[{"href":"http:\/\/www.musicadeon.com\/index.php\/wp-json\/wp\/v2\/posts\/1791"}],"collection":[{"href":"http:\/\/www.musicadeon.com\/index.php\/wp-json\/wp\/v2\/posts"}],"about":[{"href":"http:\/\/www.musicadeon.com\/index.php\/wp-json\/wp\/v2\/types\/post"}],"author":[{"embeddable":true,"href":"http:\/\/www.musicadeon.com\/index.php\/wp-json\/wp\/v2\/users\/1"}],"replies":[{"embeddable":true,"href":"http:\/\/www.musicadeon.com\/index.php\/wp-json\/wp\/v2\/comments?post=1791"}],"version-history":[{"count":0,"href":"http:\/\/www.musicadeon.com\/index.php\/wp-json\/wp\/v2\/posts\/1791\/revisions"}],"wp:attachment":[{"href":"http:\/\/www.musicadeon.com\/index.php\/wp-json\/wp\/v2\/media?parent=1791"}],"wp:term":[{"taxonomy":"category","embeddable":true,"href":"http:\/\/www.musicadeon.com\/index.php\/wp-json\/wp\/v2\/categories?post=1791"},{"taxonomy":"post_tag","embeddable":true,"href":"http:\/\/www.musicadeon.com\/index.php\/wp-json\/wp\/v2\/tags?post=1791"}],"curies":[{"name":"wp","href":"https:\/\/api.w.org\/{rel}","templated":true}]}}