{"id":1814,"date":"2005-01-28T01:00:00","date_gmt":"2005-01-28T00:00:00","guid":{"rendered":"http:\/\/www.musicadeon.com\/index.php\/2005\/01\/28\/a-vos-agendas-26-06-2005-3\/"},"modified":"2005-01-28T01:00:00","modified_gmt":"2005-01-28T00:00:00","slug":"a-vos-agendas-26-06-2005-3","status":"publish","type":"post","link":"http:\/\/www.musicadeon.com\/index.php\/2005\/01\/28\/a-vos-agendas-26-06-2005-3\/","title":{"rendered":"\u00c0 vos agendas (26-06-2005)"},"content":{"rendered":"<p>Le Dimanche 26 Juin \u00ab AU CHAMPS ELYSEES \u00bb \u00e0 St Quentin de 15h \u00e0 20h. avec l&rsquo;accord\u00e9oniste YVES LEYNAERT et JER\u00d4ME<\/p>\n","protected":false},"excerpt":{"rendered":"<p>Le Dimanche 26 Juin \u00ab AU CHAMPS ELYSEES \u00bb \u00e0 St Quentin de 15h \u00e0 20h. avec l&rsquo;accord\u00e9oniste YVES LEYNAERT et JER\u00d4ME<\/p>\n","protected":false},"author":1,"featured_media":0,"comment_status":"closed","ping_status":"open","sticky":false,"template":"","format":"standard","meta":[],"categories":[1],"tags":[],"_links":{"self":[{"href":"http:\/\/www.musicadeon.com\/index.php\/wp-json\/wp\/v2\/posts\/1814"}],"collection":[{"href":"http:\/\/www.musicadeon.com\/index.php\/wp-json\/wp\/v2\/posts"}],"about":[{"href":"http:\/\/www.musicadeon.com\/index.php\/wp-json\/wp\/v2\/types\/post"}],"author":[{"embeddable":true,"href":"http:\/\/www.musicadeon.com\/index.php\/wp-json\/wp\/v2\/users\/1"}],"replies":[{"embeddable":true,"href":"http:\/\/www.musicadeon.com\/index.php\/wp-json\/wp\/v2\/comments?post=1814"}],"version-history":[{"count":0,"href":"http:\/\/www.musicadeon.com\/index.php\/wp-json\/wp\/v2\/posts\/1814\/revisions"}],"wp:attachment":[{"href":"http:\/\/www.musicadeon.com\/index.php\/wp-json\/wp\/v2\/media?parent=1814"}],"wp:term":[{"taxonomy":"category","embeddable":true,"href":"http:\/\/www.musicadeon.com\/index.php\/wp-json\/wp\/v2\/categories?post=1814"},{"taxonomy":"post_tag","embeddable":true,"href":"http:\/\/www.musicadeon.com\/index.php\/wp-json\/wp\/v2\/tags?post=1814"}],"curies":[{"name":"wp","href":"https:\/\/api.w.org\/{rel}","templated":true}]}}