{"id":190,"date":"2002-03-25T01:00:00","date_gmt":"2002-03-25T00:00:00","guid":{"rendered":"http:\/\/www.musicadeon.com\/index.php\/2002\/03\/25\/a-vos-agendas-23-06-2002-2\/"},"modified":"2002-03-25T01:00:00","modified_gmt":"2002-03-25T00:00:00","slug":"a-vos-agendas-23-06-2002-2","status":"publish","type":"post","link":"http:\/\/www.musicadeon.com\/index.php\/2002\/03\/25\/a-vos-agendas-23-06-2002-2\/","title":{"rendered":"\u00c0 vos agendas (23-06-2002)"},"content":{"rendered":"<p>Le DIMANCHE 23 Juin \u00e0 14h30, la princesse de l&rsquo;accord\u00e9on <a href='http:\/\/www.erika.be' target='_blank' rel=\"noopener noreferrer\">Erika<\/a> &#038; son ensemble vous invite \u00e0 un th\u00e9 dansant en la salle du \u00ab\u00a0LYCEE D&rsquo;ETAT\u00a0\u00bb route de St Gerard \u00e0 Lesves (BELGIQUE). Renseignement:++32(0)475.20.58.04<\/p>\n","protected":false},"excerpt":{"rendered":"<p>Le DIMANCHE 23 Juin \u00e0 14h30, la princesse de l&rsquo;accord\u00e9on Erika &#038; son ensemble vous invite \u00e0 un th\u00e9 dansant en la salle du \u00ab\u00a0LYCEE&#8230;<\/p>\n","protected":false},"author":1,"featured_media":0,"comment_status":"closed","ping_status":"open","sticky":false,"template":"","format":"standard","meta":[],"categories":[1],"tags":[],"_links":{"self":[{"href":"http:\/\/www.musicadeon.com\/index.php\/wp-json\/wp\/v2\/posts\/190"}],"collection":[{"href":"http:\/\/www.musicadeon.com\/index.php\/wp-json\/wp\/v2\/posts"}],"about":[{"href":"http:\/\/www.musicadeon.com\/index.php\/wp-json\/wp\/v2\/types\/post"}],"author":[{"embeddable":true,"href":"http:\/\/www.musicadeon.com\/index.php\/wp-json\/wp\/v2\/users\/1"}],"replies":[{"embeddable":true,"href":"http:\/\/www.musicadeon.com\/index.php\/wp-json\/wp\/v2\/comments?post=190"}],"version-history":[{"count":0,"href":"http:\/\/www.musicadeon.com\/index.php\/wp-json\/wp\/v2\/posts\/190\/revisions"}],"wp:attachment":[{"href":"http:\/\/www.musicadeon.com\/index.php\/wp-json\/wp\/v2\/media?parent=190"}],"wp:term":[{"taxonomy":"category","embeddable":true,"href":"http:\/\/www.musicadeon.com\/index.php\/wp-json\/wp\/v2\/categories?post=190"},{"taxonomy":"post_tag","embeddable":true,"href":"http:\/\/www.musicadeon.com\/index.php\/wp-json\/wp\/v2\/tags?post=190"}],"curies":[{"name":"wp","href":"https:\/\/api.w.org\/{rel}","templated":true}]}}