{"id":191,"date":"2002-03-26T01:00:00","date_gmt":"2002-03-26T00:00:00","guid":{"rendered":"http:\/\/www.musicadeon.com\/index.php\/2002\/03\/26\/a-vos-agendas-07-07-2002-3\/"},"modified":"2002-03-26T01:00:00","modified_gmt":"2002-03-26T00:00:00","slug":"a-vos-agendas-07-07-2002-3","status":"publish","type":"post","link":"http:\/\/www.musicadeon.com\/index.php\/2002\/03\/26\/a-vos-agendas-07-07-2002-3\/","title":{"rendered":"\u00c0 vos agendas (07-07-2002)"},"content":{"rendered":"<p>Le DIMANCHE 7 Juillet \u00e0 15h, la princesse de l&rsquo;accord\u00e9on <a href=\"http:\/\/www.erika.be\"target=\"blank\" rel=\"noopener noreferrer\">ERIKA<\/a> vous invite \u00e0 la \u00ab\u00a0grande chaumi\u00e8re\u00a0\u00bb \u00e0 Bognies-sur-meuse (FRANCE)Renseignement:++32(0)475.20.58.04.<\/p>\n","protected":false},"excerpt":{"rendered":"<p>Le DIMANCHE 7 Juillet \u00e0 15h, la princesse de l&rsquo;accord\u00e9on ERIKA vous invite \u00e0 la \u00ab\u00a0grande chaumi\u00e8re\u00a0\u00bb \u00e0 Bognies-sur-meuse (FRANCE)Renseignement:++32(0)475.20.58.04.<\/p>\n","protected":false},"author":1,"featured_media":0,"comment_status":"closed","ping_status":"open","sticky":false,"template":"","format":"standard","meta":[],"categories":[1],"tags":[],"_links":{"self":[{"href":"http:\/\/www.musicadeon.com\/index.php\/wp-json\/wp\/v2\/posts\/191"}],"collection":[{"href":"http:\/\/www.musicadeon.com\/index.php\/wp-json\/wp\/v2\/posts"}],"about":[{"href":"http:\/\/www.musicadeon.com\/index.php\/wp-json\/wp\/v2\/types\/post"}],"author":[{"embeddable":true,"href":"http:\/\/www.musicadeon.com\/index.php\/wp-json\/wp\/v2\/users\/1"}],"replies":[{"embeddable":true,"href":"http:\/\/www.musicadeon.com\/index.php\/wp-json\/wp\/v2\/comments?post=191"}],"version-history":[{"count":0,"href":"http:\/\/www.musicadeon.com\/index.php\/wp-json\/wp\/v2\/posts\/191\/revisions"}],"wp:attachment":[{"href":"http:\/\/www.musicadeon.com\/index.php\/wp-json\/wp\/v2\/media?parent=191"}],"wp:term":[{"taxonomy":"category","embeddable":true,"href":"http:\/\/www.musicadeon.com\/index.php\/wp-json\/wp\/v2\/categories?post=191"},{"taxonomy":"post_tag","embeddable":true,"href":"http:\/\/www.musicadeon.com\/index.php\/wp-json\/wp\/v2\/tags?post=191"}],"curies":[{"name":"wp","href":"https:\/\/api.w.org\/{rel}","templated":true}]}}