{"id":197,"date":"2002-04-19T02:00:00","date_gmt":"2002-04-19T00:00:00","guid":{"rendered":"http:\/\/www.musicadeon.com\/index.php\/2002\/04\/19\/a-vos-agendas-11-08-2002\/"},"modified":"2002-04-19T02:00:00","modified_gmt":"2002-04-19T00:00:00","slug":"a-vos-agendas-11-08-2002","status":"publish","type":"post","link":"http:\/\/www.musicadeon.com\/index.php\/2002\/04\/19\/a-vos-agendas-11-08-2002\/","title":{"rendered":"\u00c0 vos agendas (11-08-2002)"},"content":{"rendered":"<p>Et vive les vacances le Dimanche 11 Aout d\u00e9s 19 h venez danser avec la princesse de l&rsquo;accord\u00e9on <a href='http:\/\/www.erika.be' target='_blank' rel=\"noopener noreferrer\">Erika<\/a> pour une soir\u00e9e dansante \u00ab\u00a0EN PLEIN AIR\u00a0\u00bb \u00e0 Quaregnon (BELGIQUE) Renseignement:++(0)475.20.58.04<\/p>\n","protected":false},"excerpt":{"rendered":"<p>Et vive les vacances le Dimanche 11 Aout d\u00e9s 19 h venez danser avec la princesse de l&rsquo;accord\u00e9on Erika pour une soir\u00e9e dansante \u00ab\u00a0EN PLEIN&#8230;<\/p>\n","protected":false},"author":1,"featured_media":0,"comment_status":"closed","ping_status":"open","sticky":false,"template":"","format":"standard","meta":[],"categories":[1],"tags":[],"_links":{"self":[{"href":"http:\/\/www.musicadeon.com\/index.php\/wp-json\/wp\/v2\/posts\/197"}],"collection":[{"href":"http:\/\/www.musicadeon.com\/index.php\/wp-json\/wp\/v2\/posts"}],"about":[{"href":"http:\/\/www.musicadeon.com\/index.php\/wp-json\/wp\/v2\/types\/post"}],"author":[{"embeddable":true,"href":"http:\/\/www.musicadeon.com\/index.php\/wp-json\/wp\/v2\/users\/1"}],"replies":[{"embeddable":true,"href":"http:\/\/www.musicadeon.com\/index.php\/wp-json\/wp\/v2\/comments?post=197"}],"version-history":[{"count":0,"href":"http:\/\/www.musicadeon.com\/index.php\/wp-json\/wp\/v2\/posts\/197\/revisions"}],"wp:attachment":[{"href":"http:\/\/www.musicadeon.com\/index.php\/wp-json\/wp\/v2\/media?parent=197"}],"wp:term":[{"taxonomy":"category","embeddable":true,"href":"http:\/\/www.musicadeon.com\/index.php\/wp-json\/wp\/v2\/categories?post=197"},{"taxonomy":"post_tag","embeddable":true,"href":"http:\/\/www.musicadeon.com\/index.php\/wp-json\/wp\/v2\/tags?post=197"}],"curies":[{"name":"wp","href":"https:\/\/api.w.org\/{rel}","templated":true}]}}