{"id":2047,"date":"2005-09-11T02:00:00","date_gmt":"2005-09-11T00:00:00","guid":{"rendered":"http:\/\/www.musicadeon.com\/index.php\/2005\/09\/11\/journee-recreative-au-domaine-de-chevetogne-belgique\/"},"modified":"2005-09-11T02:00:00","modified_gmt":"2005-09-11T00:00:00","slug":"journee-recreative-au-domaine-de-chevetogne-belgique","status":"publish","type":"post","link":"http:\/\/www.musicadeon.com\/index.php\/2005\/09\/11\/journee-recreative-au-domaine-de-chevetogne-belgique\/","title":{"rendered":"Journ\u00e9e r\u00e9cr\u00e9ative au domaine de chevetogne (Belgique)"},"content":{"rendered":"<p><P align=center><IMG src=\"\/A\/N\/D\/chevetognesptja200509101.jpg\"> <\/P><P align=center>Cette journ\u00e9e du 10 septembre d\u00e9marra sous le signe du soleil en compagnie du sourire de la princesse de l&rsquo;accord\u00e9on ERIKA<\/P><P align=center><IMG src=\"\/A\/N\/D\/chevetognesptja200509102.jpg\"><\/P><P align=center>Le style parisien pla\u00eet au public venu en masse au domaine de Chevetogne <\/P><P align=center><IMG src=\"\/A\/N\/D\/chevetognesptja200509103.jpg\"> <\/P><P align=center><IMG src=\"\/A\/N\/D\/chevetognesptja200509104.jpg\"> <\/P><P align=center>Le temps de la pause est arriv\u00e9; il est midi, tout le monde \u00e0 table!<\/P><\/p>\n","protected":false},"excerpt":{"rendered":"<p>Cette journ\u00e9e du 10 septembre d\u00e9marra sous le signe du soleil en compagnie du sourire de la princesse de l&rsquo;accord\u00e9on ERIKALe style parisien pla\u00eet au&#8230;<\/p>\n","protected":false},"author":1,"featured_media":0,"comment_status":"closed","ping_status":"open","sticky":false,"template":"","format":"standard","meta":[],"categories":[3],"tags":[5],"_links":{"self":[{"href":"http:\/\/www.musicadeon.com\/index.php\/wp-json\/wp\/v2\/posts\/2047"}],"collection":[{"href":"http:\/\/www.musicadeon.com\/index.php\/wp-json\/wp\/v2\/posts"}],"about":[{"href":"http:\/\/www.musicadeon.com\/index.php\/wp-json\/wp\/v2\/types\/post"}],"author":[{"embeddable":true,"href":"http:\/\/www.musicadeon.com\/index.php\/wp-json\/wp\/v2\/users\/1"}],"replies":[{"embeddable":true,"href":"http:\/\/www.musicadeon.com\/index.php\/wp-json\/wp\/v2\/comments?post=2047"}],"version-history":[{"count":0,"href":"http:\/\/www.musicadeon.com\/index.php\/wp-json\/wp\/v2\/posts\/2047\/revisions"}],"wp:attachment":[{"href":"http:\/\/www.musicadeon.com\/index.php\/wp-json\/wp\/v2\/media?parent=2047"}],"wp:term":[{"taxonomy":"category","embeddable":true,"href":"http:\/\/www.musicadeon.com\/index.php\/wp-json\/wp\/v2\/categories?post=2047"},{"taxonomy":"post_tag","embeddable":true,"href":"http:\/\/www.musicadeon.com\/index.php\/wp-json\/wp\/v2\/tags?post=2047"}],"curies":[{"name":"wp","href":"https:\/\/api.w.org\/{rel}","templated":true}]}}