{"id":2053,"date":"2005-09-12T02:00:00","date_gmt":"2005-09-12T00:00:00","guid":{"rendered":"http:\/\/www.musicadeon.com\/index.php\/2005\/09\/12\/deep-thunders-a-namur-belgique\/"},"modified":"2005-09-12T02:00:00","modified_gmt":"2005-09-12T00:00:00","slug":"deep-thunders-a-namur-belgique","status":"publish","type":"post","link":"http:\/\/www.musicadeon.com\/index.php\/2005\/09\/12\/deep-thunders-a-namur-belgique\/","title":{"rendered":"DEEP THUNDERS \u00e0 Namur (Belgique)"},"content":{"rendered":"<p><DIV><SPAN class=Style123><FONT size=2><P><FONT face=Arial color=#ff0000 size=5><FONT color=#0000ff>Le dimanche 18 septembre<\/FONT> d\u00e8s 19 heures, <FONT color=#0000ff size=6>DEEP THUNDERS<\/FONT><\/FONT><\/P><P><FONT face=Arial color=#ff0000 size=5>sera en concert aux F\u00eates de Wallonie \u00e0 Namur sous chapiteau au Crasset &#8211; rue Rogier -.<\/FONT><\/P><P><FONT face=Arial size=2><b><FONT size=3><U>L&rsquo;organisateur \u00e0 mis les moyens n\u00e9cessaires pour faire de notre concert une grande soir\u00e9e de country et surtout de country dance.<\/U><\/FONT><\/b><\/FONT><\/P><P><FONT face=Arial color=#0000ff size=4>Le Chapiteau sera dot\u00e9 d&rsquo;un immense plancher pour permettre la danse au plus grand nombre.<\/FONT><\/P><\/FONT><\/SPAN><\/DIV><\/p>\n","protected":false},"excerpt":{"rendered":"<p>Le dimanche 18 septembre d\u00e8s 19 heures, DEEP THUNDERSsera en concert aux F\u00eates de Wallonie \u00e0 Namur sous chapiteau au Crasset &#8211; rue Rogier -.L&rsquo;organisateur&#8230;<\/p>\n","protected":false},"author":1,"featured_media":0,"comment_status":"closed","ping_status":"open","sticky":false,"template":"","format":"standard","meta":[],"categories":[3],"tags":[5],"_links":{"self":[{"href":"http:\/\/www.musicadeon.com\/index.php\/wp-json\/wp\/v2\/posts\/2053"}],"collection":[{"href":"http:\/\/www.musicadeon.com\/index.php\/wp-json\/wp\/v2\/posts"}],"about":[{"href":"http:\/\/www.musicadeon.com\/index.php\/wp-json\/wp\/v2\/types\/post"}],"author":[{"embeddable":true,"href":"http:\/\/www.musicadeon.com\/index.php\/wp-json\/wp\/v2\/users\/1"}],"replies":[{"embeddable":true,"href":"http:\/\/www.musicadeon.com\/index.php\/wp-json\/wp\/v2\/comments?post=2053"}],"version-history":[{"count":0,"href":"http:\/\/www.musicadeon.com\/index.php\/wp-json\/wp\/v2\/posts\/2053\/revisions"}],"wp:attachment":[{"href":"http:\/\/www.musicadeon.com\/index.php\/wp-json\/wp\/v2\/media?parent=2053"}],"wp:term":[{"taxonomy":"category","embeddable":true,"href":"http:\/\/www.musicadeon.com\/index.php\/wp-json\/wp\/v2\/categories?post=2053"},{"taxonomy":"post_tag","embeddable":true,"href":"http:\/\/www.musicadeon.com\/index.php\/wp-json\/wp\/v2\/tags?post=2053"}],"curies":[{"name":"wp","href":"https:\/\/api.w.org\/{rel}","templated":true}]}}