{"id":2229,"date":"2006-01-13T01:00:00","date_gmt":"2006-01-13T00:00:00","guid":{"rendered":"http:\/\/www.musicadeon.com\/index.php\/2006\/01\/13\/lesves-tournoi-de-balle-pelote-sur-herbe-organise-par-l-asbl-s-p-t-j-a\/"},"modified":"2006-01-13T01:00:00","modified_gmt":"2006-01-13T00:00:00","slug":"lesves-tournoi-de-balle-pelote-sur-herbe-organise-par-l-asbl-s-p-t-j-a","status":"publish","type":"post","link":"http:\/\/www.musicadeon.com\/index.php\/2006\/01\/13\/lesves-tournoi-de-balle-pelote-sur-herbe-organise-par-l-asbl-s-p-t-j-a\/","title":{"rendered":"Lesves \u00a0\u00bbTOURNOI DE BALLE PELOTE SUR HERBE \u00a0\u00bb Organis\u00e9 par l&rsquo; Asbl S.P.T.J.A."},"content":{"rendered":"<p><P><FONT size=4><B><I><U>Le Samedi 19 Ao\u00fbt,<\/U> une journ\u00e9e bas\u00e9e sur le sport. A cette occasion l&rsquo;asbl S.P.T.J.A. a l&rsquo;honneur de vous acceuillir au TOURNOI annuel de <\/I><\/B><\/FONT><FONT size=4><B><I>BALLE PELOTTE sur Herbe,unique dans notre r\u00e9gion touristique. <\/I><\/B><\/FONT><\/P><P><FONT size=4><b><i>Avec la participation des \u00e9quipes suivantes, <FONT color=#0000ff>PURNODE, SOMMIERE, DORINE D1<\/FONT>, <FONT color=#0000ff>Dorine D3<FONT size=5>. <FONT color=#000>I<\/FONT><\/FONT><\/FONT>nvitation cordiale \u00e0 tous <\/i><\/b><\/FONT><\/P><P align=center><IMG src=\"\/A\/N\/D\/ballepelotesptja20060819.jpg\"> <\/P><H1 style=\"BORDER-RIGHT:medium none;PADDING-RIGHT:0cm;BORDER-TOP:medium none;MARGIN-TOP:0cm;PADDING-LEFT:0cm;PADDING-BOTTOM:0cm;BORDER-LEFT:medium none;PADDING-TOP:0cm;BORDER-BOTTOM:medium none\">Les souvenirs qui font vivre.<\/H1><H3 style=\"BORDER-RIGHT:medium none;PADDING-RIGHT:0cm;BORDER-TOP:medium none;PADDING-LEFT:0cm;PADDING-BOTTOM:0cm;BORDER-LEFT:medium none;PADDING-TOP:0cm;BORDER-BOTTOM:medium none\">1La balle-pelote<\/H3><P style=\"BORDER-RIGHT:medium none;PADDING-RIGHT:0cm;BORDER-TOP:medium none;PADDING-LEFT:0cm;PADDING-BOTTOM:0cm;BORDER-LEFT:medium none;PADDING-TOP:0cm;BORDER-BOTTOM:medium none\">A Lesves, il n\u2019existe pas de club de balle-pelote mais la <I><b><U>SPTJA<\/U><\/b> <\/I>organise un tournoi sur herbe .. !<\/P><P style=\"BORDER-RIGHT:medium none;PADDING-RIGHT:0cm;BORDER-TOP:medium none;PADDING-LEFT:0cm;PADDING-BOTTOM:0cm;BORDER-LEFT:medium none;PADDING-TOP:0cm;BORDER-BOTTOM:medium none\"><B>Formidable\u2026<\/B>Je suis n\u00e9 dans un village ou jadis, il y eut un club hupp\u00e9 du sport ballant et le souvenir <\/P><P style=\"BORDER-RIGHT:medium none;PADDING-RIGHT:0cm;BORDER-TOP:medium none;PADDING-LEFT:0cm;PADDING-BOTTOM:0cm;BORDER-LEFT:medium none;PADDING-TOP:0cm;BORDER-BOTTOM:medium none\">de cette p\u00e9riode me fait, vous posez la question suivante.<\/P><H3 style=\"BORDER-RIGHT:medium none;PADDING-RIGHT:0cm;BORDER-TOP:medium none;MARGIN-TOP:0cm;PADDING-LEFT:0cm;MARGIN-BOTTOM:0cm;PADDING-BOTTOM:0cm;BORDER-LEFT:medium none;PADDING-TOP:0cm;BORDER-BOTTOM:medium none\">Qui nous en parlera ?<\/H3><P style=\"BORDER-RIGHT:medium none;PADDING-RIGHT:0cm;BORDER-TOP:medium none;PADDING-LEFT:0cm;PADDING-BOTTOM:0cm;BORDER-LEFT:medium none;PADDING-TOP:0cm;BORDER-BOTTOM:medium none\">Qui nous parlera de ce sport. Savez vous qu\u2019\u00e0 Lesves, il y a eu un club de balle au tamis.<\/P><P style=\"BORDER-RIGHT:medium none;PADDING-RIGHT:0cm;BORDER-TOP:medium none;PADDING-LEFT:0cm;PADDING-BOTTOM:0cm;BORDER-LEFT:medium none;PADDING-TOP:0cm;BORDER-BOTTOM:medium none\">Entre l\u2019an 1900 et le mill\u00e9naire,bien des soci\u00e9t\u00e9s ont eu un si\u00e8ge au c\u0153ur du village.<\/P><P style=\"BORDER-RIGHT:medium none;PADDING-RIGHT:0cm;BORDER-TOP:medium none;PADDING-LEFT:0cm;PADDING-BOTTOM:0cm;BORDER-LEFT:medium none;PADDING-TOP:0cm;BORDER-BOTTOM:medium none\">Une soci\u00e9t\u00e9 de musique tr\u00e8s r\u00e9put\u00e9e, un club de basket qui, \u00e0 l\u2019\u00e9poque des fusions de communes \u00e9migra<\/P><P style=\"BORDER-RIGHT:medium none;PADDING-RIGHT:0cm;BORDER-TOP:medium none;PADDING-LEFT:0cm;PADDING-BOTTOM:0cm;BORDER-LEFT:medium none;PADDING-TOP:0cm;BORDER-BOTTOM:medium none\">vers Namur et a aujourd\u2019hui disparu.<\/P><P style=\"BORDER-RIGHT:medium none;PADDING-RIGHT:0cm;BORDER-TOP:medium none;PADDING-LEFT:0cm;PADDING-BOTTOM:0cm;BORDER-LEFT:medium none;PADDING-TOP:0cm;BORDER-BOTTOM:medium none\">Et le football dont les derni\u00e8res installations sont actuellement occup\u00e9es par club namurois de Rugby.<\/P><P style=\"BORDER-RIGHT:medium none;PADDING-RIGHT:0cm;BORDER-TOP:medium none;PADDING-LEFT:0cm;PADDING-BOTTOM:0cm;BORDER-LEFT:medium none;PADDING-TOP:0cm;BORDER-BOTTOM:medium none\">Et que dire des pr\u00e9c\u00e9dents clubs de foot du village?<\/P><P style=\"BORDER-RIGHT:medium none;PADDING-RIGHT:0cm;BORDER-TOP:medium none;PADDING-LEFT:0cm;PADDING-BOTTOM:0cm;BORDER-LEFT:medium none;PADDING-TOP:0cm;BORDER-BOTTOM:medium none\">Je ne me souviens que de trois noms: l\u2019Etoile, le caf\u00e9 Baclin (m\u00eame l\u2019ortho m\u2019est inconnu); l\u2019histoire dit<\/P><P style=\"BORDER-RIGHT:medium none;PADDING-RIGHT:0cm;BORDER-TOP:medium none;PADDING-LEFT:0cm;PADDING-BOTTOM:0cm;BORDER-LEFT:medium none;PADDING-TOP:0cm;BORDER-BOTTOM:medium none\">qu\u2019un certain Aim\u00e9 Biot chef de jeunesse en \u00e9tait le Pr\u00e9sident trop t\u00f4t disparu.Il fut victime d&rsquo;un accident <\/P><P style=\"BORDER-RIGHT:medium none;PADDING-RIGHT:0cm;BORDER-TOP:medium none;PADDING-LEFT:0cm;PADDING-BOTTOM:0cm;BORDER-LEFT:medium none;PADDING-TOP:0cm;BORDER-BOTTOM:medium none\">de tram \u00e0 la gare de Lesves.<\/P><H3 style=\"BORDER-RIGHT:medium none;PADDING-RIGHT:0cm;BORDER-TOP:medium none;MARGIN-TOP:0cm;PADDING-LEFT:0cm;MARGIN-BOTTOM:0cm;PADDING-BOTTOM:0cm;BORDER-LEFT:medium none;PADDING-TOP:0cm;BORDER-BOTTOM:medium none\">Et la gare <i>?(Les vicinaux)<\/i><\/H3><P style=\"BORDER-RIGHT:medium none;PADDING-RIGHT:0cm;BORDER-TOP:medium none;PADDING-LEFT:0cm;PADDING-BOTTOM:0cm;BORDER-LEFT:medium none;PADDING-TOP:0cm;BORDER-BOTTOM:medium none\">Qui se souvient de l\u2019\u00e9poque florissante du tram et des histoires li\u00e9es \u00e0 son existence?<\/P><H3 style=\"BORDER-RIGHT:medium none;PADDING-RIGHT:0cm;BORDER-TOP:medium none;MARGIN-TOP:0cm;PADDING-LEFT:0cm;MARGIN-BOTTOM:0cm;PADDING-BOTTOM:0cm;BORDER-LEFT:medium none;PADDING-TOP:0cm;BORDER-BOTTOM:medium none\">Et le kiosque ?<\/H3><P style=\"BORDER-RIGHT:medium none;PADDING-RIGHT:0cm;BORDER-TOP:medium none;PADDING-LEFT:0cm;PADDING-BOTTOM:0cm;BORDER-LEFT:medium none;PADDING-TOP:0cm;BORDER-BOTTOM:medium none\">Oui, qui nous contera les histoires du kiosque de la place verte.Qui nous parlera des nombreuses <\/P><P style=\"BORDER-RIGHT:medium none;PADDING-RIGHT:0cm;BORDER-TOP:medium none;PADDING-LEFT:0cm;PADDING-BOTTOM:0cm;BORDER-LEFT:medium none;PADDING-TOP:0cm;BORDER-BOTTOM:medium none\">histoires d\u2019amour que les vielles briques de ce monument disparu, nous auraient racont\u00e9es.<\/P><P style=\"BORDER-RIGHT:medium none;PADDING-RIGHT:0cm;BORDER-TOP:medium none;PADDING-LEFT:0cm;PADDING-BOTTOM:0cm;BORDER-LEFT:medium none;PADDING-TOP:0cm;BORDER-BOTTOM:medium none\">Ces \u00ab\u00a0souvenirs histoires\u00a0\u00bb, ne les perdons pas!!!<\/P><P style=\"BORDER-RIGHT:medium none;PADDING-RIGHT:0cm;BORDER-TOP:medium none;PADDING-LEFT:0cm;PADDING-BOTTOM:0cm;BORDER-LEFT:medium none;PADDING-TOP:0cm;BORDER-BOTTOM:medium none\"><B>Transmettons-les aux jeunes g\u00e9n\u00e9rations.<\/B><\/P><P style=\"BORDER-RIGHT:medium none;PADDING-RIGHT:0cm;BORDER-TOP:medium none;PADDING-LEFT:0cm;PADDING-BOTTOM:0cm;BORDER-LEFT:medium none;PADDING-TOP:0cm;BORDER-BOTTOM:medium none\">Peut-\u00eatre s\u2019en inspireront-elles afin de rendre vie \u00e0 notre village et surtout rendons hommage \u00e0 tous<\/P><P style=\"BORDER-RIGHT:medium none;PADDING-RIGHT:0cm;BORDER-TOP:medium none;PADDING-LEFT:0cm;PADDING-BOTTOM:0cm;BORDER-LEFT:medium none;PADDING-TOP:0cm;BORDER-BOTTOM:medium none\">ces membres de soci\u00e9t\u00e9s qui, par leurs actions, faisaient parler du village de Lesves bien au-del\u00e0 de la province.<\/P><P style=\"BORDER-RIGHT:medium none;PADDING-RIGHT:0cm;BORDER-TOP:medium none;PADDING-LEFT:0cm;PADDING-BOTTOM:0cm;BORDER-LEFT:medium none;PADDING-TOP:0cm;BORDER-BOTTOM:medium none\"><A href=\"mailto:Contactez-nous.sptja@musicadeon.com\"><FONT color=#000>Contactez-nous<\/FONT><\/A>:<\/P><P style=\"BORDER-RIGHT:medium none;PADDING-RIGHT:0cm;BORDER-TOP:medium none;PADDING-LEFT:0cm;PADDING-BOTTOM:0cm;BORDER-LEFT:medium none;PADDING-TOP:0cm;BORDER-BOTTOM:medium none\"><A href=\"mailto:sptja@musicadeon.com\">sptja@musicadeon.com<\/A> <\/P><P style=\"BORDER-RIGHT:medium none;PADDING-RIGHT:0cm;BORDER-TOP:medium none;PADDING-LEFT:0cm;PADDING-BOTTOM:0cm;BORDER-LEFT:medium none;PADDING-TOP:0cm;BORDER-BOTTOM:medium none\">Oui contactez-nous pour confier vos souvenirs et les faire revivre,l\u2019espace d\u2019un reportage.<\/P><P style=\"BORDER-RIGHT:medium none;PADDING-RIGHT:0cm;BORDER-TOP:medium none;PADDING-LEFT:0cm;PADDING-BOTTOM:0cm;BORDER-LEFT:medium none;PADDING-TOP:0cm;BORDER-BOTTOM:medium none\"><\/P><P lang=en-GB style=\"BORDER-RIGHT:medium none;PADDING-RIGHT:0cm;BORDER-TOP:medium none;PADDING-LEFT:0cm;PADDING-BOTTOM:0cm;BORDER-LEFT:medium none;PADDING-TOP:0cm;BORDER-BOTTOM:medium none\">C.V. \u00e9dition GB<\/P><\/p>\n","protected":false},"excerpt":{"rendered":"<p>Le Samedi 19 Ao\u00fbt, une journ\u00e9e bas\u00e9e sur le sport. A cette occasion l&rsquo;asbl S.P.T.J.A. a l&rsquo;honneur de vous acceuillir au TOURNOI annuel de BALLE&#8230;<\/p>\n","protected":false},"author":1,"featured_media":0,"comment_status":"closed","ping_status":"open","sticky":false,"template":"","format":"standard","meta":[],"categories":[3],"tags":[5],"_links":{"self":[{"href":"http:\/\/www.musicadeon.com\/index.php\/wp-json\/wp\/v2\/posts\/2229"}],"collection":[{"href":"http:\/\/www.musicadeon.com\/index.php\/wp-json\/wp\/v2\/posts"}],"about":[{"href":"http:\/\/www.musicadeon.com\/index.php\/wp-json\/wp\/v2\/types\/post"}],"author":[{"embeddable":true,"href":"http:\/\/www.musicadeon.com\/index.php\/wp-json\/wp\/v2\/users\/1"}],"replies":[{"embeddable":true,"href":"http:\/\/www.musicadeon.com\/index.php\/wp-json\/wp\/v2\/comments?post=2229"}],"version-history":[{"count":0,"href":"http:\/\/www.musicadeon.com\/index.php\/wp-json\/wp\/v2\/posts\/2229\/revisions"}],"wp:attachment":[{"href":"http:\/\/www.musicadeon.com\/index.php\/wp-json\/wp\/v2\/media?parent=2229"}],"wp:term":[{"taxonomy":"category","embeddable":true,"href":"http:\/\/www.musicadeon.com\/index.php\/wp-json\/wp\/v2\/categories?post=2229"},{"taxonomy":"post_tag","embeddable":true,"href":"http:\/\/www.musicadeon.com\/index.php\/wp-json\/wp\/v2\/tags?post=2229"}],"curies":[{"name":"wp","href":"https:\/\/api.w.org\/{rel}","templated":true}]}}