{"id":2242,"date":"2006-01-16T01:00:00","date_gmt":"2006-01-16T00:00:00","guid":{"rendered":"http:\/\/www.musicadeon.com\/index.php\/2006\/01\/16\/a-vos-agendas-30-04-2006-2\/"},"modified":"2006-01-16T01:00:00","modified_gmt":"2006-01-16T00:00:00","slug":"a-vos-agendas-30-04-2006-2","status":"publish","type":"post","link":"http:\/\/www.musicadeon.com\/index.php\/2006\/01\/16\/a-vos-agendas-30-04-2006-2\/","title":{"rendered":"\u00c0 vos agendas (30-04-2006)"},"content":{"rendered":"<p>Le Dimanche 30 Avril 2006 L&rsquo;Asbl S.P.T.J.A. vous invite en la salle \u00ab\u00a0GABRIEL BERNARD\u00a0\u00bb \u00e0 Moustier sur Sambre (Belgique) Nous savons d\u00e9j\u00e0 que, pour l&rsquo;ouverture officielle de \u00ab\u00a0Radio musicad\u00e9on\u00a0\u00bb, nous aurons l&rsquo;honneur de recevoir en tant qu&rsquo;invit\u00e9 nos amis JEAN-CLAUDE LAHAYE, HENRI GOLAN, ANNIE LORIS, FRANCK JOHAN. A l&rsquo;occasion d&rsquo;un diner dansant qui sera annim\u00e9 par la princesse de l&rsquo;accord\u00e9on <a href=\"http:\/\/www.erika.be\" target=\"_blank\" rel=\"noopener noreferrer\">Erika<\/a> &#038; son ensemble (ENTRE GRATUITE) Info: ++32(0)475.20.58.04<\/p>\n","protected":false},"excerpt":{"rendered":"<p>Le Dimanche 30 Avril 2006 L&rsquo;Asbl S.P.T.J.A. vous invite en la salle \u00ab\u00a0GABRIEL BERNARD\u00a0\u00bb \u00e0 Moustier sur Sambre (Belgique) Nous savons d\u00e9j\u00e0 que, pour l&rsquo;ouverture&#8230;<\/p>\n","protected":false},"author":1,"featured_media":0,"comment_status":"closed","ping_status":"open","sticky":false,"template":"","format":"standard","meta":[],"categories":[1],"tags":[],"_links":{"self":[{"href":"http:\/\/www.musicadeon.com\/index.php\/wp-json\/wp\/v2\/posts\/2242"}],"collection":[{"href":"http:\/\/www.musicadeon.com\/index.php\/wp-json\/wp\/v2\/posts"}],"about":[{"href":"http:\/\/www.musicadeon.com\/index.php\/wp-json\/wp\/v2\/types\/post"}],"author":[{"embeddable":true,"href":"http:\/\/www.musicadeon.com\/index.php\/wp-json\/wp\/v2\/users\/1"}],"replies":[{"embeddable":true,"href":"http:\/\/www.musicadeon.com\/index.php\/wp-json\/wp\/v2\/comments?post=2242"}],"version-history":[{"count":0,"href":"http:\/\/www.musicadeon.com\/index.php\/wp-json\/wp\/v2\/posts\/2242\/revisions"}],"wp:attachment":[{"href":"http:\/\/www.musicadeon.com\/index.php\/wp-json\/wp\/v2\/media?parent=2242"}],"wp:term":[{"taxonomy":"category","embeddable":true,"href":"http:\/\/www.musicadeon.com\/index.php\/wp-json\/wp\/v2\/categories?post=2242"},{"taxonomy":"post_tag","embeddable":true,"href":"http:\/\/www.musicadeon.com\/index.php\/wp-json\/wp\/v2\/tags?post=2242"}],"curies":[{"name":"wp","href":"https:\/\/api.w.org\/{rel}","templated":true}]}}