{"id":2359,"date":"2006-07-28T02:00:00","date_gmt":"2006-07-28T00:00:00","guid":{"rendered":"http:\/\/www.musicadeon.com\/index.php\/2006\/07\/28\/a-vos-agendas-20-08-2006-2\/"},"modified":"2006-07-28T02:00:00","modified_gmt":"2006-07-28T00:00:00","slug":"a-vos-agendas-20-08-2006-2","status":"publish","type":"post","link":"http:\/\/www.musicadeon.com\/index.php\/2006\/07\/28\/a-vos-agendas-20-08-2006-2\/","title":{"rendered":"\u00c0 vos agendas (20-08-2006)"},"content":{"rendered":"<p>20 ao\u00fbt Sax \u00e0 Fond sera d\u00e8s 15h00 \u00e0 Berg aan de Maas (Hollande- Maastricht)<\/p>\n","protected":false},"excerpt":{"rendered":"<p>20 ao\u00fbt Sax \u00e0 Fond sera d\u00e8s 15h00 \u00e0 Berg aan de Maas (Hollande- Maastricht)<\/p>\n","protected":false},"author":1,"featured_media":0,"comment_status":"closed","ping_status":"open","sticky":false,"template":"","format":"standard","meta":[],"categories":[1],"tags":[],"_links":{"self":[{"href":"http:\/\/www.musicadeon.com\/index.php\/wp-json\/wp\/v2\/posts\/2359"}],"collection":[{"href":"http:\/\/www.musicadeon.com\/index.php\/wp-json\/wp\/v2\/posts"}],"about":[{"href":"http:\/\/www.musicadeon.com\/index.php\/wp-json\/wp\/v2\/types\/post"}],"author":[{"embeddable":true,"href":"http:\/\/www.musicadeon.com\/index.php\/wp-json\/wp\/v2\/users\/1"}],"replies":[{"embeddable":true,"href":"http:\/\/www.musicadeon.com\/index.php\/wp-json\/wp\/v2\/comments?post=2359"}],"version-history":[{"count":0,"href":"http:\/\/www.musicadeon.com\/index.php\/wp-json\/wp\/v2\/posts\/2359\/revisions"}],"wp:attachment":[{"href":"http:\/\/www.musicadeon.com\/index.php\/wp-json\/wp\/v2\/media?parent=2359"}],"wp:term":[{"taxonomy":"category","embeddable":true,"href":"http:\/\/www.musicadeon.com\/index.php\/wp-json\/wp\/v2\/categories?post=2359"},{"taxonomy":"post_tag","embeddable":true,"href":"http:\/\/www.musicadeon.com\/index.php\/wp-json\/wp\/v2\/tags?post=2359"}],"curies":[{"name":"wp","href":"https:\/\/api.w.org\/{rel}","templated":true}]}}