{"id":2384,"date":"2006-08-13T02:00:00","date_gmt":"2006-08-13T00:00:00","guid":{"rendered":"http:\/\/www.musicadeon.com\/index.php\/2006\/08\/13\/le-calendrier-des-tir-aux-clays-2007\/"},"modified":"2006-08-13T02:00:00","modified_gmt":"2006-08-13T00:00:00","slug":"le-calendrier-des-tir-aux-clays-2007","status":"publish","type":"post","link":"http:\/\/www.musicadeon.com\/index.php\/2006\/08\/13\/le-calendrier-des-tir-aux-clays-2007\/","title":{"rendered":"Le calendrier des \u00a0\u00bbTIR AUX CLAYS\u00a0\u00bb 2007"},"content":{"rendered":"<p><P align=center><IMG src=\"\/A\/N\/D\/autocolant20050807.jpg\"> <\/P><P align=center><B><I><SPAN>Si vous organisez un tir aux clays prochainement, nous pouvons int\u00e9grer l&rsquo;annonce gratuitement via notre site. Ecrivez-nous un mail \u00e0 l&rsquo;adresse <\/SPAN><SPAN><A href=\"mailto:sptja@sptja.com\"><SPAN style=\"FONT-SIZE:10pt;COLOR:#06f\">sptja@sptja.com<\/SPAN><\/A>,<\/SPAN><SPAN style=\"FONT-SIZE:10pt;COLOR:blue\"> <\/SPAN><SPAN style=\"FONT-SIZE:10pt;COLOR:#900\">et nous nous ferons un plaisir de le faire para\u00eetre.<\/SPAN><\/I><\/B><\/P><P align=center><B><I><SPAN style=\"FONT-SIZE:10pt;COLOR:#900\"><\/SPAN><\/I><\/B><\/P><SPAN style=\"FONT-SIZE:10pt;COLOR:#900\"><P><SPAN style=\"COLOR:#000\"><B><I>&#8230;&#8230;&#8230;&#8230;&#8230;&#8230;&#8230;&#8230;&#8230;&#8230;&#8230;&#8230;&#8230;&#8230;&#8230;&#8230;&#8230;&#8230;&#8230;&#8230;&#8230;&#8230;&#8230;&#8230;&#8230;&#8230;&#8230;&#8230;&#8230;&#8230;&#8230;&#8230;&#8230;&#8230;&#8230;&#8230;&#8230;&#8230;&#8230;&#8230;&#8230;&#8230;&#8230;&#8230;&#8230;&#8230;&#8230;&#8230;&#8230;&#8230;&#8230;&#8230;&#8230;&#8230;&#8230;&#8230;&#8230;&#8230;&#8230;&#8230;&#8230;&#8230;&#8230;&#8230;&#8230;&#8230;&#8230;&#8230;&#8230;&#8230;&#8230;&#8230;&#8230;&#8230;&#8230;&#8230;&#8230;&#8230;&#8230;&#8230;&#8230;&#8230;&#8230;&#8230;&#8230;&#8230;&#8230;&#8230;&#8230;&#8230;&#8230;&#8230;&#8230;&#8230;&#8230;&#8230;&#8230;&#8230;&#8230;&#8230;&#8230;&#8230;<\/I><\/B><\/SPAN><\/P><P><SPAN style=\"COLOR:#000\"><B><I>Ces tirs peuvent voir leur date \u00eatre modifi\u00e9e, et peuvent m\u00eame \u00eatre annul\u00e9s \u00e0 la derni\u00e8re minutes dans certains cas. Il est TOUJOURS prudent de contacter l&rsquo;organisateur . quand un num\u00e9ro de t\u00e9l\u00e9phone appara\u00eet.<\/I><\/B><\/SPAN><\/P><P><SPAN style=\"COLOR:#000\"><B><I>Si vous rep\u00e9rez une erreur ou si vous connaissez un tir qui n&rsquo;appara\u00eet pas ici, je vous remercie de bien vouloir me le faire savoir.<\/I><\/B><\/SPAN><\/P><P><SPAN style=\"COLOR:#000\"><B><I>&#8230;&#8230;&#8230;&#8230;&#8230;&#8230;&#8230;&#8230;&#8230;&#8230;&#8230;&#8230;&#8230;&#8230;&#8230;&#8230;&#8230;&#8230;&#8230;&#8230;&#8230;&#8230;&#8230;&#8230;&#8230;&#8230;&#8230;&#8230;&#8230;&#8230;&#8230;&#8230;&#8230;&#8230;&#8230;&#8230;&#8230;&#8230;&#8230;&#8230;&#8230;&#8230;&#8230;&#8230;&#8230;&#8230;&#8230;&#8230;&#8230;&#8230;&#8230;&#8230;&#8230;&#8230;&#8230;&#8230;&#8230;&#8230;&#8230;&#8230;&#8230;&#8230;&#8230;&#8230;&#8230;&#8230;&#8230;&#8230;&#8230;&#8230;&#8230;&#8230;&#8230;&#8230;&#8230;&#8230;&#8230;&#8230;&#8230;&#8230;&#8230;&#8230;&#8230;&#8230;&#8230;&#8230;&#8230;&#8230;&#8230;&#8230;&#8230;&#8230;&#8230;&#8230;&#8230;&#8230;&#8230;&#8230;&#8230;&#8230;&#8230;..<\/I><\/B><\/SPAN><\/P><P><SPAN style=\"COLOR:#000\"><SPAN style=\"FONT-SIZE:13pt;COLOR:#c00\"><B><I>Un entra\u00eenement qui va vous rel\u00e8guer aux oubliettes des classements.Navr\u00e9 pour vous, Cliquer ci dessous sur le lien<\/I><\/B><\/SPAN><\/SPAN><\/P><P><SPAN style=\"COLOR:#000\"><A href=\"http:\/\/home.datacomm.ch\/broec\/hasentoeter\/hasentoeter.htm\"><B><I>http:\/\/home.datacomm.ch\/broec\/hasentoeter\/hasentoeter.htm<\/I><\/B><\/A><\/SPAN><\/P><P><SPAN style=\"COLOR:#000\"><B><I>Bons Tir ! <\/I><\/B><a href=\"http:\/\/www.smileycentral.com\/?partner=ZSzeb001_ZS\" target=_blank rel=\"noopener noreferrer\"><B><I><IMG alt=\"Skeet Shooting\" src=\"http:\/\/smileys.smileycentral.com\/cat\/7\/7_2_120.gif\" border=0 NOSEND=\"1\"><\/I><\/B><\/A><\/SPAN><\/P><P><SPAN style=\"COLOR:#000\"><B><I>&#8230;&#8230;&#8230;&#8230;&#8230;&#8230;&#8230;&#8230;&#8230;&#8230;&#8230;&#8230;&#8230;&#8230;&#8230;&#8230;&#8230;&#8230;&#8230;&#8230;&#8230;&#8230;&#8230;&#8230;&#8230;&#8230;&#8230;&#8230;&#8230;&#8230;&#8230;&#8230;&#8230;&#8230;&#8230;&#8230;&#8230;&#8230;&#8230;&#8230;&#8230;&#8230;&#8230;&#8230;&#8230;&#8230;&#8230;&#8230;&#8230;&#8230;&#8230;&#8230;&#8230;&#8230;&#8230;&#8230;&#8230;&#8230;&#8230;&#8230;&#8230;&#8230;&#8230;&#8230;&#8230;&#8230;&#8230;&#8230;&#8230;&#8230;&#8230;&#8230;&#8230;&#8230;&#8230;&#8230;&#8230;&#8230;&#8230;&#8230;&#8230;&#8230;<\/I><\/B><\/SPAN><SPAN style=\"COLOR:#000\"><B><I> <\/FONT><\/U><\/I><\/B><\/SPAN><\/P><P><SPAN style=\"COLOR:#000\"><I><FONT color=#060 size=4><B><\/B><\/FONT><\/I><\/SPAN><SPAN style=\"COLOR:#000\"><\/P><P align=center><I><IMG src=\"\/A\/N\/D\/bonsin20051208sptja.jpg\"> <\/I><\/P><P><I><\/I><\/P><P><I><\/I><\/P><P><I><\/I><\/P><\/SPAN><P><I><\/I><\/P><P><SPAN style=\"COLOR:#000\"><A href=\"http:\/\/www.tir-bonsin.be.cx\/\"><B><I><FONT size=4>http:\/\/www.tir-bonsin.be.cx\/<\/FONT><\/I><\/B><\/A><B><I><FONT size=4> <\/FONT><\/I><\/B><\/SPAN><\/P><P><SPAN style=\"COLOR:#000\"><B><I><FONT size=3><\/p>\n<hr \/>\n<p><\/FONT><\/I><\/B><\/SPAN><\/P><P><SPAN style=\"COLOR:#000\"><a href=\"http:\/\/tirauxclays.up.md\/\" target=_new rel=\"noopener noreferrer\"><FONT size=4>http:\/\/tirauxclays.up.md\/<\/FONT><\/A> <IMG src=\"\/A\/N\/D\/tromme20070302pascal1sptja.jpg\"> <\/P><\/SPAN><P><\/P><P><SPAN style=\"COLOR:#000\"><\/p>\n<hr \/>\n<p><\/SPAN><\/P><P><SPAN style=\"COLOR:#000\"><B><I><FONT size=3><P align=center><\/P><P align=center><\/P><P align=center><IMG src=\"\/A\/N\/D\/les1mordus20070317tir2sptja.jpg\"> <\/P><P><FONT size=4><B><I><FONT color=#ff0000><\/p>\n<hr \/>\n<p><\/FONT><\/I><\/B><\/FONT><\/P><P><FONT size=4><B><I><FONT color=#ff0000>.Tir aux clays<\/FONT> les 7-8-9 Avril \u00e0 <FONT color=#000099>Marilles<\/FONT> ( Belgique )<\/I><\/B><\/FONT><\/P><P><FONT size=4><B><I><FONT color=#ff0000>.Tir aux clays<\/FONT> les 21-22 Avril \u00e0 <FONT color=#000099>Marilles<\/FONT> ( Belgique )<\/I><\/B><\/FONT><\/P><P><FONT size=4><B><I><FONT color=#ff0000>.Tir aux clays<\/FONT> les 21-22 Avril \u00e0 <FONT color=#000099>Herve<\/FONT> ( Belgique )<\/I><\/B><\/FONT><\/P><P><FONT size=4><\/FONT><\/P><P align=center><IMG src=\"\/A\/N\/D\/tir1aux5clays20070428agimont1sptja.jpg\"><\/P><P align=center><\/P><P><FONT size=4><B><I><FONT color=#ff0000>.Tir aux clays<\/FONT> les 28-29-30 Avril \u00e0 <FONT color=#000099>Basse Bodeux<\/FONT> ( Belgique )<\/I><\/B><\/FONT><\/P><P><FONT size=4><\/p>\n<hr \/>\n<p><\/FONT><\/P><P><FONT size=4><B><I><FONT color=#ff0000>.Tir aux clays<\/FONT> les 4-5-6 Mai \u00e0 <FONT color=#000099>Herquegies<\/FONT> ( Belgique )<\/I><\/B><\/FONT><\/P><P><FONT size=4><B><I><FONT color=#ff0000>.Tir aux clays<\/FONT> les 5-6 Mai \u00e0 <FONT color=#000099>Bray Binche<\/FONT> ( Belgique )<\/I><\/B><\/FONT><\/P><P><FONT size=4><B><I><FONT color=#ff0000>.Tir aux clays<\/FONT> les 12-13 Mai \u00e0 <FONT color=#000099>Dion<\/FONT> ( Belgique )<\/I><\/B><\/FONT><FONT size=4><\/P><P align=center><IMG src=\"\/A\/N\/D\/tir-20070512harre1sptja.jpg\"> <\/P><\/FONT><P><\/P><P><FONT size=4><B><I><\/I><\/B><\/FONT><\/P><P><FONT size=4><B><I><FONT color=#ff0000>.Tir aux clays<\/FONT> les 19-20 Mai \u00e0 <FONT color=#000099>Meux<\/FONT> ( Belgique )<\/I><\/B><\/FONT><\/P><P><FONT size=4><FONT color=#ff0000>.Tir aux clays<\/FONT> les 19-20 Mai \u00e0 <FONT color=#000099>Vyle-Taroul<\/FONT> ( Belgique )<\/FONT><\/P><P><FONT size=4><FONT color=#ff0000>.Tir aux clays<\/FONT> les 19-20 Mai \u00e0 <FONT color=#000099>Wancennes<\/FONT> ( Belgique )<\/FONT><\/P><P><FONT size=4><FONT color=#ff0000>.Tir aux clays<\/FONT> les 26-27 Mai \u00e0 <FONT color=#000099>Dolhain<\/FONT> ( Belgique )<\/FONT><\/P><P><FONT size=4><FONT color=#ff0000>.Tir aux clays<\/FONT> les 26-27-28 Mai \u00e0 <FONT color=#000099>Marilles<\/FONT> ( Belgique )<\/FONT><\/P><P><FONT size=4><FONT color=#ff0000>.Tir aux clays<\/FONT> les 26-27-28 Mai \u00e0 <FONT color=#000099>Falmignoul<\/FONT> ( Belgique )<\/FONT><\/P><P><FONT size=4><\/p>\n<hr \/>\n<p><\/FONT><\/P><P><FONT size=4><FONT color=#ff0000>.Tir aux clays<\/FONT> les 2-3 Juin \u00e0 <FONT color=#000099>Oth\u00e9e<\/FONT> ( Belgique )<\/FONT><\/P><P><FONT size=4><FONT color=#ff0000>.Tir aux clays<\/FONT> les 9-10 Juin \u00e0 <FONT color=#000099>Biesmes<\/FONT> ( Belgique )<\/FONT><\/P><P align=center><\/P><P><\/P><\/FONT><\/I><\/B><\/SPAN><P><\/P><P><SPAN style=\"COLOR:#000\"><B><I><FONT size=3><\/I><\/B><\/SPAN><\/P><P><SPAN style=\"COLOR:#000\"><P align=center><\/P><P align=center><B><I><IMG src=\"\/A\/N\/D\/tir1sptja20070609juin.jpg\"> *<\/I><\/B><\/P><P><B><I><\/I><\/B><FONT size=4><B><I><FONT color=#ff0000>.Tir aux clays<\/FONT> les 16-17 juin \u00e0 <FONT color=#000099>Dalhem<\/FONT> ( Belgique )<\/I><\/B><\/FONT><\/P><P><FONT size=4><FONT color=#ff0000>.Tir aux clays<\/FONT> <B>les 16-17 juin \u00e0 <FONT color=#000099>Hamoir<\/FONT> ( Belgique )<\/B><\/FONT><\/P><P><FONT size=4><FONT color=#ff0000><B>.Tir aux clays<\/B><\/FONT> <B>les 16-17 juin<\/B> \u00e0 <B><FONT color=#000099>Marilles<\/FONT><\/B> <B>( Belgique )<\/B><\/FONT><\/P><P><FONT size=4><FONT color=#ff0000><B>.Tir aux clays<\/B><\/FONT> <B>les 16-17 juin<\/B> \u00e0 <B><FONT color=#000099>Hulsonniaux<\/FONT><\/B> <B>( Belgique )<\/B><\/FONT><\/P><P><FONT size=4><FONT color=#ff0000><B>.Tir aux clays <FONT color=#060>de la chasse de Pry-les-Wallcour<\/FONT><\/B><\/FONT> <B>les 23-24 juin<\/B> \u00e0 <B><FONT color=#000099>Wallcour <\/FONT>( Belgique )<\/B><\/FONT><BR><\/P><P><FONT size=4><FONT color=#ff0000><B>.Tir aux clays<\/B><\/FONT> <B>les 24-25 juin<\/B> \u00e0 <B><FONT color=#000099>Espeler<\/FONT><\/B> <B>( Belgique )<\/B><\/FONT><\/P><P><FONT size=4><FONT color=#ff0000><B>.Tir aux clays<\/B><\/FONT> <B>le samedi 30 juin &amp; dimanche 1 juillet<\/B> \u00e0 <B><FONT color=#000099>Matagne-La-Grande<\/FONT><\/B> <B>( Belgique )<\/B><\/FONT><\/P><P><FONT size=4><B><I><FONT color=#ff0000>.Tir aux clays<\/FONT> le samedi 30 juin &amp; dimanche 1 Juillet \u00e0 <FONT color=#000099>Yves Gomez\u00e9e<\/FONT> ( Belgique )<\/I><\/B><\/FONT><\/P><P><FONT size=4><B><I><FONT color=#ff0000>.Tir aux clays<\/FONT> le samedi 30 juin &amp; dimanche 1 Juillet \u00e0 <FONT color=#000099>Braine-L&rsquo;Alleud<\/FONT> ( Belgique )<\/I><\/B><\/FONT><\/P><P><FONT size=4><B><I><FONT color=#ff0000>.Tir aux clays<\/FONT> le samedi 30 juin &amp; dimanche 1 Juillet \u00e0 <FONT color=#000099>Sautour<\/FONT> ( Belgique )<\/I><\/B><\/FONT><\/P><P><B><I><FONT size=4><\/p>\n<hr \/>\n<p><\/FONT><\/I><\/B><\/P><P><FONT size=4><B><I><FONT color=#ff0000>.Tir aux clays<\/FONT> le samedi 7 &amp; dimanche 8 Juillet \u00e0 <FONT color=#000099>Welin<\/FONT> ( Belgique )<\/I><\/B><\/FONT><\/P><P><FONT size=4><B><I><FONT color=#ff0000>.Tir aux clays<\/FONT> le samedi 14 &amp; dimanche 15 Juillet \u00e0 <FONT color=#000099>Marilles<\/FONT> ( Belgique )<\/I><\/B><\/FONT><\/P><P align=center><B><I><IMG src=\"\/A\/N\/D\/tir1sptja20070721.jpg\"><\/I><\/B><\/P><P align=center><B><I><FONT size=4><FONT color=#ff0000>.Tir aux clays<\/FONT> les 26-27-28Juillet \u00e0 <FONT color=#000099>Famignoul<\/FONT> ( Belgique )<\/FONT><\/I><\/B><\/P><P align=center><B><I><FONT size=4><FONT color=#ff0000>.Tir aux clays<\/FONT> le samedi 28 &amp; dimanche 29 Juillet \u00e0 <FONT color=#000099>Frandeux<\/FONT> ( Belgique )<\/FONT><\/I><\/B><\/P><P align=center><B><I><FONT size=4><\/p>\n<hr \/>\n<p><\/FONT><\/I><\/B><\/P><P align=center><B><I><FONT size=4><FONT color=#ff0000>.Tir aux clays<\/FONT> le samedi 4 &amp; dimanche 5 Ao\u00fbt \u00e0 <FONT color=#000099>Marilles<\/FONT> ( Belgique )<\/FONT><\/I><\/B><\/P><P align=center><B><I><FONT size=4><FONT color=#ff0000>.Tir aux clays<\/FONT> le samedi 4 &amp; dimanche 5 Ao\u00fbt \u00e0 <FONT color=#000099>Suatour<\/FONT> ( Belgique )<\/FONT><\/I><\/B><\/P><P align=center><B><I><FONT size=4><FONT color=#ff0000>.Tir aux clays<\/FONT> le samedi 4 &amp; dimanche 5 Ao\u00fbt \u00e0 <FONT color=#000099>Verlaine<\/FONT> ( Belgique )<\/FONT><\/I><\/B><\/P><P align=center><B><I><FONT size=4><FONT color=#ff0000>.Tir aux clays<\/FONT> les 4-5-6 Ao\u00fbt \u00e0 <FONT color=#000099>Marilles<\/FONT> ( Belgique )<\/FONT><\/I><\/B><\/P><P align=center><B><I><FONT size=4><FONT color=#ff0000>.Tir aux clays<\/FONT> le samedi 11 &amp; dimanche 12 Ao\u00fbt \u00e0 <FONT color=#000099>Charneux<\/FONT> ( Belgique )<\/FONT><\/I><\/B><\/P><P align=center><B><I><FONT size=4><FONT color=#ff0000>.Tir aux clays<\/FONT> le samedi 11 &amp; dimanche 12 Ao\u00fbt \u00e0 <FONT color=#000099>Givry<\/FONT> ( Belgique )<\/FONT><\/I><\/B><\/P><B><I><P><FONT size=4><\/FONT><\/P><P align=center><\/I><\/B><\/P><\/SPAN><\/SPAN><\/FONT><P align=center><\/P><P align=center><IMG src=\"\/A\/N\/D\/gozee20070818sptja.jpg\"> <\/P><P align=center><B><I><FONT size=4><FONT color=#ff0000>.Tir aux clays<\/FONT> le samedi 25 &amp; dimanche 26 Ao\u00fbt \u00e0 <FONT color=#000099>Villers-L&rsquo;Eveque<\/FONT> ( Belgique )<\/FONT><\/I><\/B><\/P><P align=center><B><I><FONT size=4><FONT color=#ff0000>.Tir aux clays<\/FONT> le samedi 25 &amp; dimanche 26 Ao\u00fbt \u00e0 <FONT color=#000099>Cortil-Noirmont<\/FONT> ( Belgique )<\/FONT><\/I><\/B><\/P><B><I><FONT size=4><P align=center><B><I><FONT size=4><FONT color=#ff0000>.Tir aux clays<\/FONT> le samedi 25 &amp; dimanche 26 Ao\u00fbt \u00e0 <FONT color=#000099>Maison St G\u00e9rard<\/FONT> ( Belgique )<\/FONT><\/I><\/B><\/P><\/FONT><\/I><\/B><P align=center><B><I><FONT size=4><\/p>\n<hr \/>\n<p><\/FONT><\/I><\/B><\/P><P align=center><B><I><FONT size=4><FONT color=#ff0000>.Tir aux clays<\/FONT> le samedi 1 &amp; dimanche 2 Septembre \u00e0 <FONT color=#000099>Corbais<\/FONT> ( Belgique )<\/FONT><\/I><\/B><\/P><P align=center><B><I><FONT size=4><FONT color=#ff0000>.Tir aux clays<\/FONT> le samedi 1 &amp; dimanche 2 Septembre \u00e0 <FONT color=#000099>Merbes-Sainte-Marie<\/FONT> ( Belgique )<\/FONT><\/I><\/B><\/P><P align=center><B><I><FONT size=4><FONT color=#ff0000>.Tir aux clays<\/FONT> le samedi 8 &amp; dimanche 9 Septembre \u00e0 <FONT color=#000099>Dolhain<\/FONT> ( Belgique )<\/FONT><\/I><\/B><\/P><P align=center><B><I><FONT size=4><FONT color=#ff0000>.Tir aux clays<\/FONT> le samedi 8 &amp; dimanche 9 Septembre \u00e0 <FONT color=#000099>Marilles<\/FONT> ( Belgique )<\/FONT><\/I><\/B><\/P><P align=center><B><I><FONT size=4><FONT color=#ff0000>.Tir aux clays<\/FONT> le samedi 22 &amp; dimanche 23 Septembre \u00e0 <FONT color=#000099>Marilles<\/FONT> ( Belgique )<\/FONT><FONT size=4> <\/P><P align=center><IMG src=\"\/A\/N\/D\/Tir5aux8clays20070922fort2de1Barchon6sptja.jpg\"> <\/P><\/FONT><\/I><\/B><P><\/P><P align=center><B><I><FONT size=4><\/p>\n<hr \/>\n<p><\/FONT><\/I><\/B><\/P><P align=center><B><I><FONT size=4><FONT color=#ff0000>.Tir aux clays<\/FONT> le samedi 6 &amp; dimanche 7 Octobre \u00e0 <FONT color=#000099>Marilles<\/FONT> ( Belgique )<\/FONT><\/I><\/B><\/P><P align=center><B><I><FONT size=4><\/p>\n<hr \/>\n<p><\/FONT><FONT size=4><\/p>\n<hr \/>\n<p><\/FONT><\/I><\/B><\/P><P align=center><B><I><FONT size=4><FONT color=#ff0000>.Tir aux clays<\/FONT> le samedi 3 &amp; dimanche 4 Novembre \u00e0 <FONT color=#000099>Marilles<\/FONT> ( Belgique )<\/FONT><\/I><\/B><\/P><P align=center><B><I><FONT size=4><\/p>\n<hr \/>\n<p><\/FONT><\/I><\/B><\/P><P align=center><B><I><FONT size=4><FONT color=#ff0000>.Tir aux clays<\/FONT> le samedi 15 &amp; dimanche 16 D\u00e9cembre \u00e0 <FONT color=#000099>Marilles<\/FONT> ( Belgique )<\/FONT><\/I><\/B><\/P><\/p>\n","protected":false},"excerpt":{"rendered":"<p>Si vous organisez un tir aux clays prochainement, nous pouvons int\u00e9grer l&rsquo;annonce gratuitement via notre site. Ecrivez-nous un mail \u00e0 l&rsquo;adresse sptja@sptja.com, et nous nous&#8230;<\/p>\n","protected":false},"author":1,"featured_media":0,"comment_status":"closed","ping_status":"open","sticky":false,"template":"","format":"standard","meta":[],"categories":[3],"tags":[5],"_links":{"self":[{"href":"http:\/\/www.musicadeon.com\/index.php\/wp-json\/wp\/v2\/posts\/2384"}],"collection":[{"href":"http:\/\/www.musicadeon.com\/index.php\/wp-json\/wp\/v2\/posts"}],"about":[{"href":"http:\/\/www.musicadeon.com\/index.php\/wp-json\/wp\/v2\/types\/post"}],"author":[{"embeddable":true,"href":"http:\/\/www.musicadeon.com\/index.php\/wp-json\/wp\/v2\/users\/1"}],"replies":[{"embeddable":true,"href":"http:\/\/www.musicadeon.com\/index.php\/wp-json\/wp\/v2\/comments?post=2384"}],"version-history":[{"count":0,"href":"http:\/\/www.musicadeon.com\/index.php\/wp-json\/wp\/v2\/posts\/2384\/revisions"}],"wp:attachment":[{"href":"http:\/\/www.musicadeon.com\/index.php\/wp-json\/wp\/v2\/media?parent=2384"}],"wp:term":[{"taxonomy":"category","embeddable":true,"href":"http:\/\/www.musicadeon.com\/index.php\/wp-json\/wp\/v2\/categories?post=2384"},{"taxonomy":"post_tag","embeddable":true,"href":"http:\/\/www.musicadeon.com\/index.php\/wp-json\/wp\/v2\/tags?post=2384"}],"curies":[{"name":"wp","href":"https:\/\/api.w.org\/{rel}","templated":true}]}}