{"id":2529,"date":"2007-01-05T01:00:00","date_gmt":"2007-01-05T00:00:00","guid":{"rendered":"http:\/\/www.musicadeon.com\/index.php\/2007\/01\/05\/tete-a-tete-avec-remia-a-radio-musicadeon-lesves-belgium\/"},"modified":"2007-01-05T01:00:00","modified_gmt":"2007-01-05T00:00:00","slug":"tete-a-tete-avec-remia-a-radio-musicadeon-lesves-belgium","status":"publish","type":"post","link":"http:\/\/www.musicadeon.com\/index.php\/2007\/01\/05\/tete-a-tete-avec-remia-a-radio-musicadeon-lesves-belgium\/","title":{"rendered":"T\u00eate-\u00e0-t\u00eate avec \u00a0\u00bbREMIA\u00a0\u00bb \u00e0 Radio Musicad\u00e9on Lesves (Belgium)"},"content":{"rendered":"<p><P><IMG src=\"\/A\/N\/D\/remia20061121sptja.jpg\"> <\/P><P><b><i><FONT face=\"Times New Roman, Times, serif\" size=4>L&rsquo; Album de REMIA est disponible \u00e0 l&rsquo;asbl S.P.T.J.A.<\/FONT><\/i><\/b><\/P><P align=center><IMG src=\"\/A\/N\/D\/remia1sptja20070105.jpg\"> <\/P><P align=center><i><b><FONT face=\"Times New Roman, Times, serif\" size=4>Bonsoir REMIA as-tu fait bonne route? Un petit d\u00e9tour n&rsquo;est rien, tu es bien arriv\u00e9 en nos locaux.<\/FONT><\/b><\/i><\/P><P align=center><IMG src=\"\/A\/N\/D\/remia2sptja20070105.jpg\"> <\/P><P align=center><FONT face=\"Times New Roman, Times, serif\" size=4><i><b>Je suis tr\u00e8s heureux d&rsquo;\u00eatre ici ce soir sur Radio Musicad\u00e9on en votre compagnie<\/b><\/i><\/FONT><\/P><P align=center><IMG src=\"\/A\/N\/D\/remia3sptja20070105.jpg\"> <\/P><P align=center><i><b><FONT face=\"Times New Roman, Times, serif\" size=4>REMIA, de quelle origine est ce nom? Vous retournez le nom et cela devient AIMER<\/FONT><\/b><\/i> <\/P><P align=center><IMG src=\"\/A\/N\/D\/remia4sptja20070105.jpg\"> <\/P><P align=center><FONT face=\"Times New Roman, Times, serif\" size=4><i><b>AH! oui je n&rsquo;y avais pas pens\u00e9<\/b><\/i><\/FONT><\/P><P align=center><IMG src=\"\/A\/N\/D\/remia5sptja20070105.jpg\"> <\/P><P align=center><i><b><FONT face=\"Times New Roman, Times, serif\" size=4>D\u00e9j\u00e0 le temps est venu de se quitter et laisser un petit mot dans le livre d&rsquo;or de Radio musicad\u00e9on!! On te remercie REMIA <\/FONT><\/b><\/i><\/P><P align=center><i><b><FONT face=\"Times New Roman, Times, serif\" size=4>de nous avoir rendu cette petite visite et nous te souhaitons beaucoup de succ\u00e8s dans le monde musical et \u00e0 tr\u00e8s bient\u00f4t<\/FONT><\/b><\/i><\/P><P align=center><FONT face=\"Times New Roman, Times, serif\"><IMG src=\"\/A\/N\/D\/remia6sptja20070105.jpg\"> <\/FONT><\/P><FONT size=4><i><CITE><P align=center><FONT face=\"Times New Roman, Times, serif\" size=4><i><b>Merci MICHEL de ton accueil, ce fut tr\u00e8s sympa et c&rsquo;est promis, \u00e0 tr\u00e8s bient\u00f4t sur Radio Musicad\u00e9on<\/b><\/i><\/FONT><\/P><P align=center><\/CITE><\/i><\/FONT><\/P><\/p>\n","protected":false},"excerpt":{"rendered":"<p>L&rsquo; Album de REMIA est disponible \u00e0 l&rsquo;asbl S.P.T.J.A. Bonsoir REMIA as-tu fait bonne route? Un petit d\u00e9tour n&rsquo;est rien, tu es bien arriv\u00e9 en&#8230;<\/p>\n","protected":false},"author":1,"featured_media":0,"comment_status":"closed","ping_status":"open","sticky":false,"template":"","format":"standard","meta":[],"categories":[3],"tags":[5],"_links":{"self":[{"href":"http:\/\/www.musicadeon.com\/index.php\/wp-json\/wp\/v2\/posts\/2529"}],"collection":[{"href":"http:\/\/www.musicadeon.com\/index.php\/wp-json\/wp\/v2\/posts"}],"about":[{"href":"http:\/\/www.musicadeon.com\/index.php\/wp-json\/wp\/v2\/types\/post"}],"author":[{"embeddable":true,"href":"http:\/\/www.musicadeon.com\/index.php\/wp-json\/wp\/v2\/users\/1"}],"replies":[{"embeddable":true,"href":"http:\/\/www.musicadeon.com\/index.php\/wp-json\/wp\/v2\/comments?post=2529"}],"version-history":[{"count":0,"href":"http:\/\/www.musicadeon.com\/index.php\/wp-json\/wp\/v2\/posts\/2529\/revisions"}],"wp:attachment":[{"href":"http:\/\/www.musicadeon.com\/index.php\/wp-json\/wp\/v2\/media?parent=2529"}],"wp:term":[{"taxonomy":"category","embeddable":true,"href":"http:\/\/www.musicadeon.com\/index.php\/wp-json\/wp\/v2\/categories?post=2529"},{"taxonomy":"post_tag","embeddable":true,"href":"http:\/\/www.musicadeon.com\/index.php\/wp-json\/wp\/v2\/tags?post=2529"}],"curies":[{"name":"wp","href":"https:\/\/api.w.org\/{rel}","templated":true}]}}