{"id":2559,"date":"2007-02-07T01:00:00","date_gmt":"2007-02-07T00:00:00","guid":{"rendered":"http:\/\/www.musicadeon.com\/index.php\/2007\/02\/07\/a-vos-agendas-13-07-2007\/"},"modified":"2007-02-07T01:00:00","modified_gmt":"2007-02-07T00:00:00","slug":"a-vos-agendas-13-07-2007","status":"publish","type":"post","link":"http:\/\/www.musicadeon.com\/index.php\/2007\/02\/07\/a-vos-agendas-13-07-2007\/","title":{"rendered":"\u00c0 vos agendas (13-07-2007)"},"content":{"rendered":"<p>13 juillet  MACADAM&rsquo;S sera \u00e0 Lesquin (soir\u00e9e)<\/p>\n","protected":false},"excerpt":{"rendered":"<p>13 juillet MACADAM&rsquo;S sera \u00e0 Lesquin (soir\u00e9e)<\/p>\n","protected":false},"author":1,"featured_media":0,"comment_status":"closed","ping_status":"open","sticky":false,"template":"","format":"standard","meta":[],"categories":[1],"tags":[],"_links":{"self":[{"href":"http:\/\/www.musicadeon.com\/index.php\/wp-json\/wp\/v2\/posts\/2559"}],"collection":[{"href":"http:\/\/www.musicadeon.com\/index.php\/wp-json\/wp\/v2\/posts"}],"about":[{"href":"http:\/\/www.musicadeon.com\/index.php\/wp-json\/wp\/v2\/types\/post"}],"author":[{"embeddable":true,"href":"http:\/\/www.musicadeon.com\/index.php\/wp-json\/wp\/v2\/users\/1"}],"replies":[{"embeddable":true,"href":"http:\/\/www.musicadeon.com\/index.php\/wp-json\/wp\/v2\/comments?post=2559"}],"version-history":[{"count":0,"href":"http:\/\/www.musicadeon.com\/index.php\/wp-json\/wp\/v2\/posts\/2559\/revisions"}],"wp:attachment":[{"href":"http:\/\/www.musicadeon.com\/index.php\/wp-json\/wp\/v2\/media?parent=2559"}],"wp:term":[{"taxonomy":"category","embeddable":true,"href":"http:\/\/www.musicadeon.com\/index.php\/wp-json\/wp\/v2\/categories?post=2559"},{"taxonomy":"post_tag","embeddable":true,"href":"http:\/\/www.musicadeon.com\/index.php\/wp-json\/wp\/v2\/tags?post=2559"}],"curies":[{"name":"wp","href":"https:\/\/api.w.org\/{rel}","templated":true}]}}