{"id":2564,"date":"2007-02-09T01:00:00","date_gmt":"2007-02-09T00:00:00","guid":{"rendered":"http:\/\/www.musicadeon.com\/index.php\/2007\/02\/09\/cabaret-les-six-cordes-valerianne-lavi-et-franki-lambou-a-esneux-belgique\/"},"modified":"2007-02-09T01:00:00","modified_gmt":"2007-02-09T00:00:00","slug":"cabaret-les-six-cordes-valerianne-lavi-et-franki-lambou-a-esneux-belgique","status":"publish","type":"post","link":"http:\/\/www.musicadeon.com\/index.php\/2007\/02\/09\/cabaret-les-six-cordes-valerianne-lavi-et-franki-lambou-a-esneux-belgique\/","title":{"rendered":"Cabaret \u00a0\u00bbLes six cordes\u00a0\u00bb Val\u00e9rianne Lavi et Franki Lambou \u00e0 Esneux (Belgique)"},"content":{"rendered":"<p><P><b><i><FONT size=5>Le 17 f\u00e9vrier 2007 \u00e0 Esneux, Cabaret \u00ab\u00a0Les six cordes\u00a0\u00bb<\/FONT><\/i><\/b><\/P><P><b><i><FONT size=5>pr\u00e9sente : <\/FONT><FONT size=5><U><FONT color=#009900>Val\u00e9rianne Lavi et Franki Lambou<\/FONT><\/U> (chansons) <\/FONT><\/i><\/b><\/P><P><b><i><FONT size=5>Foyer communal, <\/FONT><FONT size=5>ruelle de la L\u00e8che \u00e0 Esneux \u00e0 20h30 <\/FONT><\/i><\/b><\/P><\/p>\n","protected":false},"excerpt":{"rendered":"<p>Le 17 f\u00e9vrier 2007 \u00e0 Esneux, Cabaret \u00ab\u00a0Les six cordes\u00a0\u00bbpr\u00e9sente : Val\u00e9rianne Lavi et Franki Lambou (chansons) Foyer communal, ruelle de la L\u00e8che \u00e0 Esneux&#8230;<\/p>\n","protected":false},"author":1,"featured_media":0,"comment_status":"closed","ping_status":"open","sticky":false,"template":"","format":"standard","meta":[],"categories":[3],"tags":[5],"_links":{"self":[{"href":"http:\/\/www.musicadeon.com\/index.php\/wp-json\/wp\/v2\/posts\/2564"}],"collection":[{"href":"http:\/\/www.musicadeon.com\/index.php\/wp-json\/wp\/v2\/posts"}],"about":[{"href":"http:\/\/www.musicadeon.com\/index.php\/wp-json\/wp\/v2\/types\/post"}],"author":[{"embeddable":true,"href":"http:\/\/www.musicadeon.com\/index.php\/wp-json\/wp\/v2\/users\/1"}],"replies":[{"embeddable":true,"href":"http:\/\/www.musicadeon.com\/index.php\/wp-json\/wp\/v2\/comments?post=2564"}],"version-history":[{"count":0,"href":"http:\/\/www.musicadeon.com\/index.php\/wp-json\/wp\/v2\/posts\/2564\/revisions"}],"wp:attachment":[{"href":"http:\/\/www.musicadeon.com\/index.php\/wp-json\/wp\/v2\/media?parent=2564"}],"wp:term":[{"taxonomy":"category","embeddable":true,"href":"http:\/\/www.musicadeon.com\/index.php\/wp-json\/wp\/v2\/categories?post=2564"},{"taxonomy":"post_tag","embeddable":true,"href":"http:\/\/www.musicadeon.com\/index.php\/wp-json\/wp\/v2\/tags?post=2564"}],"curies":[{"name":"wp","href":"https:\/\/api.w.org\/{rel}","templated":true}]}}