{"id":2566,"date":"2007-02-16T01:00:00","date_gmt":"2007-02-16T00:00:00","guid":{"rendered":"http:\/\/www.musicadeon.com\/index.php\/2007\/02\/16\/tete-a-tete-avec-francis-jacques-a-radio-musicadeon-lesves-belgium\/"},"modified":"2007-02-16T01:00:00","modified_gmt":"2007-02-16T00:00:00","slug":"tete-a-tete-avec-francis-jacques-a-radio-musicadeon-lesves-belgium","status":"publish","type":"post","link":"http:\/\/www.musicadeon.com\/index.php\/2007\/02\/16\/tete-a-tete-avec-francis-jacques-a-radio-musicadeon-lesves-belgium\/","title":{"rendered":"T\u00eate-\u00e0-t\u00eate avec \u00a0\u00bbFRANCIS JACQUES\u00a0\u00bb \u00e0 Radio Musicad\u00e9on Lesves (Belgium)"},"content":{"rendered":"<p><P><IMG src=\"\/A\/N\/D\/francis1jacques20070130sptja.jpg\"> <\/P><P><b><i><FONT color=#000066 size=4>D\u00e9couverte de l&rsquo;album de Fran&ccedil;is Jacques ( Ballade \u00e0 Paris )<\/FONT><\/i><\/b><\/P><P align=center><IMG src=\"\/A\/N\/D\/francis1jacques20070216musicadeon.jpg\"> <\/P><P align=center><b><i><FONT color=#000033 size=4>Bonjour Michel, comment vas-tu ? Pour ma part, je suis heureux de vous pr\u00e9senter mon nouvel album \u00ab\u00a0une Ballade \u00e0 Paris\u00a0\u00bb<\/FONT><\/i><\/b><\/P><P align=center><IMG src=\"\/A\/N\/D\/francis2jacques20070216musicadeon.jpg\"> <\/P><P align=center><b><i><FONT color=#000033 size=4>Michel; Dis-moi Fran&ccedil;is, combien de titres y a-t-il sur l&rsquo;album<\/FONT><\/i><\/b><\/P><P align=center><b><i><FONT color=#000033 size=4>Fran&ccedil;is Jacques; il y a 16 compositions Michel<\/FONT><\/i><\/b><\/P><P align=center><IMG src=\"\/A\/N\/D\/francis3jacques20070216musicadeon.jpg\"> <\/P><P align=center><FONT color=#000033 size=4><i><b>Michel; n&rsquo;as-tu jamais repris des locomotives?<\/b><\/i><\/FONT><\/P><P align=center><FONT color=#000033 size=4><i><b>Fran&ccedil;is Jacques; non michel je fait toujours mes prorpres compositions<\/b><\/i><\/FONT><\/P><P align=center><IMG src=\"\/A\/N\/D\/francis4jacques20070216musicadeon.jpg\"> <\/P><P align=center><b><i><FONT color=#000033 size=4>Michel; oui allo un petit bonjour d&rsquo;un coll\u00e8gue Jos steve<\/FONT><\/i><\/b><\/P><P align=center><b><i><FONT color=#000033 size=4>Fran&ccedil;is Jacques; Merci \u00e0 mon ami Jos steve<\/FONT><\/i><\/b><\/P><P align=center><IMG src=\"\/A\/N\/D\/francis5jacques20070216musicadeon.jpg\"> <\/P><P align=center><b><i><FONT color=#000033 size=4>Le temps de signer le livre d&rsquo;or. Merci Fran&ccedil;is de ta visite au prochain album<\/FONT><\/i><\/b><\/P><P align=center><b><i><FONT color=#000033 size=4>Merci Michel de m&rsquo;avoir invit\u00e9, c&rsquo;est quand tu veux. <\/FONT><\/i><\/b><\/P><P align=center><b><i><FONT color=#000033 size=4>Merci aussi aux personnes qui nous on envoy\u00e9 un e-mail, par t\u00e9l\u00e9phonne et les personnes qui nous \u00e9coutent<\/FONT><\/i><\/b><\/P><\/p>\n","protected":false},"excerpt":{"rendered":"<p>D\u00e9couverte de l&rsquo;album de Fran&ccedil;is Jacques ( Ballade \u00e0 Paris ) Bonjour Michel, comment vas-tu ? Pour ma part, je suis heureux de vous pr\u00e9senter&#8230;<\/p>\n","protected":false},"author":1,"featured_media":0,"comment_status":"closed","ping_status":"open","sticky":false,"template":"","format":"standard","meta":[],"categories":[3],"tags":[5],"_links":{"self":[{"href":"http:\/\/www.musicadeon.com\/index.php\/wp-json\/wp\/v2\/posts\/2566"}],"collection":[{"href":"http:\/\/www.musicadeon.com\/index.php\/wp-json\/wp\/v2\/posts"}],"about":[{"href":"http:\/\/www.musicadeon.com\/index.php\/wp-json\/wp\/v2\/types\/post"}],"author":[{"embeddable":true,"href":"http:\/\/www.musicadeon.com\/index.php\/wp-json\/wp\/v2\/users\/1"}],"replies":[{"embeddable":true,"href":"http:\/\/www.musicadeon.com\/index.php\/wp-json\/wp\/v2\/comments?post=2566"}],"version-history":[{"count":0,"href":"http:\/\/www.musicadeon.com\/index.php\/wp-json\/wp\/v2\/posts\/2566\/revisions"}],"wp:attachment":[{"href":"http:\/\/www.musicadeon.com\/index.php\/wp-json\/wp\/v2\/media?parent=2566"}],"wp:term":[{"taxonomy":"category","embeddable":true,"href":"http:\/\/www.musicadeon.com\/index.php\/wp-json\/wp\/v2\/categories?post=2566"},{"taxonomy":"post_tag","embeddable":true,"href":"http:\/\/www.musicadeon.com\/index.php\/wp-json\/wp\/v2\/tags?post=2566"}],"curies":[{"name":"wp","href":"https:\/\/api.w.org\/{rel}","templated":true}]}}