{"id":2617,"date":"2007-03-05T01:00:00","date_gmt":"2007-03-05T00:00:00","guid":{"rendered":"http:\/\/www.musicadeon.com\/index.php\/2007\/03\/05\/soiree-amigo-dancers-deep-thunders\/"},"modified":"2007-03-05T01:00:00","modified_gmt":"2007-03-05T00:00:00","slug":"soiree-amigo-dancers-deep-thunders","status":"publish","type":"post","link":"http:\/\/www.musicadeon.com\/index.php\/2007\/03\/05\/soiree-amigo-dancers-deep-thunders\/","title":{"rendered":"Soir\u00e9e Amigo Dancers  \u00a0\u00bbDEEP THUNDERS\u00a0\u00bb"},"content":{"rendered":"<p><FONT face=Arial size=2><\/FONT><DIV align=center><FONT face=Verdana color=#330099 size=4><b><i>DEEP THUNDERS<\/i><\/b><\/FONT><\/DIV><DIV align=center><FONT face=Verdana><b><\/b><\/FONT><FONT color=#330099 size=4><i><\/i><\/FONT><\/DIV><DIV align=center><FONT face=Verdana color=#330099 size=4><b><i>sera<\/i><\/b><\/FONT><\/DIV><FONT face=Arial size=2><DIV align=center><BR><FONT face=Verdana color=#330099 size=4><b><i>ce Samedi 10 mars d\u00e8s 20.30 heures <\/i><\/b><\/FONT><\/DIV><DIV align=center><FONT face=Verdana><b><\/b><\/FONT><FONT color=#330099 size=4><i><\/i><\/FONT><\/DIV><DIV align=center><FONT face=Verdana color=#330099 size=4><b><i>Soir\u00e9e Amigo Dancers <\/i><\/b><\/FONT><\/DIV><DIV align=center><FONT face=Verdana><b><\/b><\/FONT><FONT color=#330099 size=4><i><\/i><\/FONT><\/DIV><DIV align=center><FONT face=Verdana color=#330099 size=4><b><i>Salle St Joseph &#8211; Chauss\u00e9e de Gilly<\/i><\/b><\/FONT><\/DIV><DIV align=center><FONT face=Verdana><b><\/b><\/FONT><FONT color=#330099 size=4><i><\/i><\/FONT><\/DIV><DIV align=center><FONT face=Verdana color=#330099 size=4><b><i>6220 Fleurus (Belgique) (Vieux Campinaire)<\/i><\/b><\/FONT><\/DIV><DIV><\/DIV><\/FONT><\/p>\n","protected":false},"excerpt":{"rendered":"<p>DEEP THUNDERSserace Samedi 10 mars d\u00e8s 20.30 heures Soir\u00e9e Amigo Dancers Salle St Joseph &#8211; Chauss\u00e9e de Gilly6220 Fleurus (Belgique) (Vieux Campinaire)<\/p>\n","protected":false},"author":1,"featured_media":0,"comment_status":"closed","ping_status":"open","sticky":false,"template":"","format":"standard","meta":[],"categories":[3],"tags":[5],"_links":{"self":[{"href":"http:\/\/www.musicadeon.com\/index.php\/wp-json\/wp\/v2\/posts\/2617"}],"collection":[{"href":"http:\/\/www.musicadeon.com\/index.php\/wp-json\/wp\/v2\/posts"}],"about":[{"href":"http:\/\/www.musicadeon.com\/index.php\/wp-json\/wp\/v2\/types\/post"}],"author":[{"embeddable":true,"href":"http:\/\/www.musicadeon.com\/index.php\/wp-json\/wp\/v2\/users\/1"}],"replies":[{"embeddable":true,"href":"http:\/\/www.musicadeon.com\/index.php\/wp-json\/wp\/v2\/comments?post=2617"}],"version-history":[{"count":0,"href":"http:\/\/www.musicadeon.com\/index.php\/wp-json\/wp\/v2\/posts\/2617\/revisions"}],"wp:attachment":[{"href":"http:\/\/www.musicadeon.com\/index.php\/wp-json\/wp\/v2\/media?parent=2617"}],"wp:term":[{"taxonomy":"category","embeddable":true,"href":"http:\/\/www.musicadeon.com\/index.php\/wp-json\/wp\/v2\/categories?post=2617"},{"taxonomy":"post_tag","embeddable":true,"href":"http:\/\/www.musicadeon.com\/index.php\/wp-json\/wp\/v2\/tags?post=2617"}],"curies":[{"name":"wp","href":"https:\/\/api.w.org\/{rel}","templated":true}]}}