{"id":2623,"date":"2007-03-10T01:00:00","date_gmt":"2007-03-10T00:00:00","guid":{"rendered":"http:\/\/www.musicadeon.com\/index.php\/2007\/03\/10\/g-b-3\/"},"modified":"2007-03-10T01:00:00","modified_gmt":"2007-03-10T00:00:00","slug":"g-b-3","status":"publish","type":"post","link":"http:\/\/www.musicadeon.com\/index.php\/2007\/03\/10\/g-b-3\/","title":{"rendered":"G.B."},"content":{"rendered":"<p><P><b><i><U><FONT color=#000066 size=4>Le penseur du Bois<\/FONT><\/U><\/i><\/b><\/P><P><b><i><FONT color=#000066 size=4>* Aller \u00e0 l&rsquo;essentiel, c&rsquo;est presque toujours revenir \u00e0 son point de d\u00e9part.<\/FONT><\/i><\/b><\/P><P><b><i><FONT color=#000066 size=4>* Faire face \u00e0 l&rsquo;adversit\u00e9, c&rsquo;est la fuir le plus vite possible.<\/FONT><\/i><\/b><\/P><P><b><i><FONT color=#000066 size=4>* Avoir une dent contre son orthodontiste, c&rsquo;est comme avoir \u00e0 l&rsquo;oeil son opticien.<\/FONT><\/i><\/b><\/P><P><b><i><FONT color=#000066 size=4>* Les gens n&rsquo;ont qu&rsquo;un avenir provisoire mais, en mourant, ils s&rsquo;enfoncent \u00e0 tout jamais dans le pass\u00e9.<\/FONT><\/i><\/b><\/P><P><b><i><FONT color=#000066 size=4>* Entre le moraliste et la poutre dans son oeil, il n&rsquo;y a qu&rsquo;une distance d&rsquo;\u00e9crivain.<\/FONT><\/i><\/b><\/P><\/p>\n","protected":false},"excerpt":{"rendered":"<p>Le penseur du Bois* Aller \u00e0 l&rsquo;essentiel, c&rsquo;est presque toujours revenir \u00e0 son point de d\u00e9part.* Faire face \u00e0 l&rsquo;adversit\u00e9, c&rsquo;est la fuir le plus&#8230;<\/p>\n","protected":false},"author":1,"featured_media":0,"comment_status":"closed","ping_status":"open","sticky":false,"template":"","format":"standard","meta":[],"categories":[2],"tags":[],"_links":{"self":[{"href":"http:\/\/www.musicadeon.com\/index.php\/wp-json\/wp\/v2\/posts\/2623"}],"collection":[{"href":"http:\/\/www.musicadeon.com\/index.php\/wp-json\/wp\/v2\/posts"}],"about":[{"href":"http:\/\/www.musicadeon.com\/index.php\/wp-json\/wp\/v2\/types\/post"}],"author":[{"embeddable":true,"href":"http:\/\/www.musicadeon.com\/index.php\/wp-json\/wp\/v2\/users\/1"}],"replies":[{"embeddable":true,"href":"http:\/\/www.musicadeon.com\/index.php\/wp-json\/wp\/v2\/comments?post=2623"}],"version-history":[{"count":0,"href":"http:\/\/www.musicadeon.com\/index.php\/wp-json\/wp\/v2\/posts\/2623\/revisions"}],"wp:attachment":[{"href":"http:\/\/www.musicadeon.com\/index.php\/wp-json\/wp\/v2\/media?parent=2623"}],"wp:term":[{"taxonomy":"category","embeddable":true,"href":"http:\/\/www.musicadeon.com\/index.php\/wp-json\/wp\/v2\/categories?post=2623"},{"taxonomy":"post_tag","embeddable":true,"href":"http:\/\/www.musicadeon.com\/index.php\/wp-json\/wp\/v2\/tags?post=2623"}],"curies":[{"name":"wp","href":"https:\/\/api.w.org\/{rel}","templated":true}]}}