{"id":2628,"date":"2007-03-15T01:00:00","date_gmt":"2007-03-15T00:00:00","guid":{"rendered":"http:\/\/www.musicadeon.com\/index.php\/2007\/03\/15\/la-galerie-dartbre-presente-marie-thereze-de-boever-metissage-vegetal-du-7-au-29-avril-2007\/"},"modified":"2007-03-15T01:00:00","modified_gmt":"2007-03-15T00:00:00","slug":"la-galerie-dartbre-presente-marie-thereze-de-boever-metissage-vegetal-du-7-au-29-avril-2007","status":"publish","type":"post","link":"http:\/\/www.musicadeon.com\/index.php\/2007\/03\/15\/la-galerie-dartbre-presente-marie-thereze-de-boever-metissage-vegetal-du-7-au-29-avril-2007\/","title":{"rendered":"La Galerie d&rsquo;Art&rsquo;bre pr\u00e9sente \u00a0\u00bbMARIE-THEREZE DE BOEVER\u00a0\u00bb M\u00e9tissage v\u00e9g\u00e9tal du 7 au 29 avril 2007"},"content":{"rendered":"<p><P align=center><IMG src=\"\/A\/N\/D\/expo1marie20070407boever7sptja-2006.jpg\"> <\/P><P align=center><a href=\"http:\/\/www.arbre.be\/\" target=_new rel=\"noopener noreferrer\"><FONT size=4><b>http:\/\/www.arbre.be<\/b><\/FONT><\/A><\/P><\/p>\n","protected":false},"excerpt":{"rendered":"<p>http:\/\/www.arbre.be<\/p>\n","protected":false},"author":1,"featured_media":0,"comment_status":"closed","ping_status":"open","sticky":false,"template":"","format":"standard","meta":[],"categories":[3],"tags":[5],"_links":{"self":[{"href":"http:\/\/www.musicadeon.com\/index.php\/wp-json\/wp\/v2\/posts\/2628"}],"collection":[{"href":"http:\/\/www.musicadeon.com\/index.php\/wp-json\/wp\/v2\/posts"}],"about":[{"href":"http:\/\/www.musicadeon.com\/index.php\/wp-json\/wp\/v2\/types\/post"}],"author":[{"embeddable":true,"href":"http:\/\/www.musicadeon.com\/index.php\/wp-json\/wp\/v2\/users\/1"}],"replies":[{"embeddable":true,"href":"http:\/\/www.musicadeon.com\/index.php\/wp-json\/wp\/v2\/comments?post=2628"}],"version-history":[{"count":0,"href":"http:\/\/www.musicadeon.com\/index.php\/wp-json\/wp\/v2\/posts\/2628\/revisions"}],"wp:attachment":[{"href":"http:\/\/www.musicadeon.com\/index.php\/wp-json\/wp\/v2\/media?parent=2628"}],"wp:term":[{"taxonomy":"category","embeddable":true,"href":"http:\/\/www.musicadeon.com\/index.php\/wp-json\/wp\/v2\/categories?post=2628"},{"taxonomy":"post_tag","embeddable":true,"href":"http:\/\/www.musicadeon.com\/index.php\/wp-json\/wp\/v2\/tags?post=2628"}],"curies":[{"name":"wp","href":"https:\/\/api.w.org\/{rel}","templated":true}]}}