{"id":2638,"date":"2007-03-19T01:00:00","date_gmt":"2007-03-19T00:00:00","guid":{"rendered":"http:\/\/www.musicadeon.com\/index.php\/2007\/03\/19\/a-vos-agendas-19-08-2007\/"},"modified":"2007-03-19T01:00:00","modified_gmt":"2007-03-19T00:00:00","slug":"a-vos-agendas-19-08-2007","status":"publish","type":"post","link":"http:\/\/www.musicadeon.com\/index.php\/2007\/03\/19\/a-vos-agendas-19-08-2007\/","title":{"rendered":"\u00c0 vos agendas (19-08-2007)"},"content":{"rendered":"<p>Le dimanche 19 ao\u00fbt \u00e0 15h00 JACQUES GATHY vous invite au dancing \u00a0\u00bb Asbl au grand courty \u00a0\u00bb \u00e0 MONTLEBAN (Gouvy)(Belgique) pour un th\u00e9 dansant<\/p>\n","protected":false},"excerpt":{"rendered":"<p>Le dimanche 19 ao\u00fbt \u00e0 15h00 JACQUES GATHY vous invite au dancing \u00a0\u00bb Asbl au grand courty \u00a0\u00bb \u00e0 MONTLEBAN (Gouvy)(Belgique) pour un th\u00e9 dansant<\/p>\n","protected":false},"author":1,"featured_media":0,"comment_status":"closed","ping_status":"open","sticky":false,"template":"","format":"standard","meta":[],"categories":[1],"tags":[],"_links":{"self":[{"href":"http:\/\/www.musicadeon.com\/index.php\/wp-json\/wp\/v2\/posts\/2638"}],"collection":[{"href":"http:\/\/www.musicadeon.com\/index.php\/wp-json\/wp\/v2\/posts"}],"about":[{"href":"http:\/\/www.musicadeon.com\/index.php\/wp-json\/wp\/v2\/types\/post"}],"author":[{"embeddable":true,"href":"http:\/\/www.musicadeon.com\/index.php\/wp-json\/wp\/v2\/users\/1"}],"replies":[{"embeddable":true,"href":"http:\/\/www.musicadeon.com\/index.php\/wp-json\/wp\/v2\/comments?post=2638"}],"version-history":[{"count":0,"href":"http:\/\/www.musicadeon.com\/index.php\/wp-json\/wp\/v2\/posts\/2638\/revisions"}],"wp:attachment":[{"href":"http:\/\/www.musicadeon.com\/index.php\/wp-json\/wp\/v2\/media?parent=2638"}],"wp:term":[{"taxonomy":"category","embeddable":true,"href":"http:\/\/www.musicadeon.com\/index.php\/wp-json\/wp\/v2\/categories?post=2638"},{"taxonomy":"post_tag","embeddable":true,"href":"http:\/\/www.musicadeon.com\/index.php\/wp-json\/wp\/v2\/tags?post=2638"}],"curies":[{"name":"wp","href":"https:\/\/api.w.org\/{rel}","templated":true}]}}