{"id":2651,"date":"2007-04-02T02:00:00","date_gmt":"2007-04-02T00:00:00","guid":{"rendered":"http:\/\/www.musicadeon.com\/index.php\/2007\/04\/02\/lasbl-s-p-t-j-a-radio-musicadeon-fete-les-25-ans-de-scene-de-la-princesse-de-laccordeon-erika-a-labbaye-de-malonne-belgique\/"},"modified":"2007-04-02T02:00:00","modified_gmt":"2007-04-02T00:00:00","slug":"lasbl-s-p-t-j-a-radio-musicadeon-fete-les-25-ans-de-scene-de-la-princesse-de-laccordeon-erika-a-labbaye-de-malonne-belgique","status":"publish","type":"post","link":"http:\/\/www.musicadeon.com\/index.php\/2007\/04\/02\/lasbl-s-p-t-j-a-radio-musicadeon-fete-les-25-ans-de-scene-de-la-princesse-de-laccordeon-erika-a-labbaye-de-malonne-belgique\/","title":{"rendered":"L&rsquo;Asbl S.P.T.J.A.  &amp; Radio Musicad\u00e9on f\u00eate les 25 ans de sc\u00e8ne de La Princesse de l&rsquo;accord\u00e9on ERIKA  \u00e0 L&rsquo;Abbaye de Malonne (Belgique)"},"content":{"rendered":"<p><P align=center><IMG src=\"\/A\/N\/D\/menu20070825erika.jpg\"> <\/P><\/A><CENTER><\/CENTER><CENTER><FONT style=\"BACKGROUND-COLOR:#fff\" color=#ff0000><B><I><FONT size=6><FONT color=#660000>19 Heures:<\/FONT> <FONT color=#000033>Les Croqu\u2019 Noires animeront le souper<\/FONT><\/FONT><\/I><\/B><\/FONT><\/CENTER><CENTER><P align=center><IMG src=\"\/A\/N\/D\/croqu1noires20070621musicadeon.jpg\"> <\/P><P align=center><B><I><FONT color=#009900 size=6><FONT color=#660000>20 Heures:<\/FONT> <FONT color=#000>Jo Sony le multi musicien<\/FONT><\/FONT><\/I><\/B><\/P><\/CENTER><CENTER><B><I><FONT size=7><IMG src=\"\/A\/N\/D\/josony20050411.jpg\"><\/FONT><\/I><\/B><\/CENTER><CENTER><B><I><FONT size=7><\/FONT><\/I><\/B><\/CENTER><CENTER><B><I><FONT size=6>21 Heures: La princesse de l&rsquo;accord\u00e9on Erika<\/FONT><\/I><\/B><\/CENTER><CENTER><B><I><FONT size=6><P><IMG src=\"\/A\/N\/D\/erika20061.jpg\"><\/P><P><a href=\"http:\/\/www.erika.be\/\" target=_new rel=\"noopener noreferrer\"><FONT size=5><B>http:\/\/www.erika.be<\/B><\/FONT><\/A><\/P><P><a href=\"http:\/\/erika.be\/\" target=_new rel=\"noopener noreferrer\"><B><FONT size=5>http:\/\/erika.be\/<\/FONT><\/B><\/A><\/P><CENTER><A href=\"http:\/\/www.quefaire.be\/\"><\/A><a href=\"http:\/\/www.erika.be\/\" target=_blank rel=\"noopener noreferrer\"><IMG height=60 alt=decoration src=\"http:\/\/blogsimages.skynet.be\/images_v2\/002\/588\/413\/20070329\/dyn010_small150_250_100_jpeg_2588413_f9d82fe3030ca8699aa293fb52c0c05d.jpg\" width=150 border=0><\/A> <IMG src=\"\/A\/N\/D\/vivacite20070612rtbf4sptja.jpg\"><FONT size=5><B> <\/B><\/FONT><a href=\"http:\/\/www.vivacite.be\/\" target=_new rel=\"noopener noreferrer\"><FONT size=5><B><A href=\"http:\/\/www.vivacite.be\/\">http:\/\/www.vivacite.be<\/B><\/FONT><\/A> <\/CENTER><CENTER><P align=center><IMG src=\"\/A\/N\/D\/publi20070628logo1sptja.jpg\"> <\/P><\/CENTER><CENTER><P align=center><B><I><FONT color=#ff0000 size=5>L&rsquo;Abbaye de Malonne <\/FONT><\/I><\/B><\/P><P align=center><B><I><FONT color=#000 size=5>\u00ab\u00a0Institut de St Berthuin\u00a0\u00bb<\/FONT><\/I><\/B><\/P><P align=center><B><I><FONT color=#ff0000 size=5>Rue du Fond 129\/C<\/FONT><\/I><\/B><\/P><P align=center><B><I><FONT color=#ff0000 size=5>5020 MALONNE (Belgique)<\/FONT><\/I><\/B><\/P><\/CENTER><CENTER><\/FONT><\/I><\/B><\/CENTER><CENTER><B><I><FONT size=6><\/FONT><\/I><\/B><\/CENTER><CENTER><\/CENTER><CENTER><B><I><FONT style=\"BACKGROUND-COLOR:#00ff00\" size=7><\/FONT><\/I><\/B><\/CENTER><CENTER><B><I><FONT style=\"BACKGROUND-COLOR:#00ff00\" size=7>Entr\u00e9e Gratuite<\/FONT><\/I><\/B><\/CENTER><\/CENTER><P align=center><IMG src=\"\/A\/N\/D\/erika20071013sptja25ans9scene.jpg\"> <\/P><P align=center><FONT color=#000066 size=4><b><i>Un artiste SPECIAL venu SPECIALEMENT de France: JO SONY<\/i><\/b><\/FONT><\/P><P align=center><IMG src=\"\/A\/N\/D\/erika20071013sptja25ans10scene.jpg\"> <\/P><P align=center><IMG src=\"\/A\/N\/D\/erika20071013sptja25ans11scene.jpg\"> <\/P><P align=center><FONT color=#000066 size=4><b><i>Un artiste UNIQUE qui nous fait, \u00e0 lui seul, d\u00e9couvrir un spectacle avec plus de 59 instruments!<\/i><\/b><\/FONT><\/P><P align=center><IMG src=\"\/A\/N\/D\/erika20071013sptja25ans12scene.jpg\"> <\/P><P align=center><IMG src=\"\/A\/N\/D\/erika20071013sptja25ans13scene.jpg\"> <\/P><P align=center><FONT color=#000066 size=4><b><i>Un public chaleureux<\/i><\/b><\/FONT> !<\/P><P align=center><IMG src=\"\/A\/N\/D\/erika20071013sptja25ans14scene.jpg\"> <\/P><P align=center><IMG src=\"\/A\/N\/D\/erika20071013sptja25ans15scene.jpg\"> <\/P><P align=center><IMG src=\"\/A\/N\/D\/erika20071013sptja25ans16scene.jpg\"> <\/P><P align=center><FONT color=#000066 size=4><b><i>Un spectacle de choix et de qualit\u00e9: Les CROQU&rsquo;S NOIRS proviennent de la r\u00e9gion namuroise.<\/i><\/b><\/FONT><\/P><P align=center><IMG src=\"\/A\/N\/D\/erika20071013sptja25ans17scene.jpg\"> <\/P><P align=center><IMG src=\"\/A\/N\/D\/erika20071013sptja25ans18scene.jpg\"> <\/P><P align=center><FONT color=#000066 size=4><b><i>Une petite pause bien m\u00e9rit\u00e9e.<\/i><\/b><\/FONT><\/P><P align=center><IMG src=\"\/A\/N\/D\/erika20071013sptja25ans19scene.jpg\"> <\/P><P align=center><IMG src=\"\/A\/N\/D\/erika20071013sptja25ans20scene.jpg\"> <\/P><P align=center><FONT color=#000066 size=4><b><i>Notre Princesse ourvre le bal; en forme comme d&rsquo;habitude.<\/i><\/b><\/FONT><\/P><P align=center><IMG src=\"\/A\/N\/D\/erika20071013sptja25ans21scene.jpg\"> <\/P><P align=center><FONT color=#000066 size=4><b><i>Un pas de danse au son de l&rsquo;accord\u00e9on. Que demander de plus.<\/i><\/b><\/FONT><\/P><P align=center><IMG src=\"\/A\/N\/D\/erika20071013sptja25ans22scene.jpg\"><\/P><P align=center><FONT color=#000066 size=4><b><i>Aller ma petite Jakie, on danse? L&rsquo;ambiance est extra avec Erika!<\/i><\/b><\/FONT><\/P><P align=center><IMG src=\"\/A\/N\/D\/erika20071013sptja25ans23scene.jpg\"> <\/P><P align=center><FONT color=#000066 size=4><b><i>De surprise en surprise!! Un g\u00e2teaux de choix, humm! Quelle pi\u00e8ce!<\/i><\/b><\/FONT><\/P><P align=center><IMG src=\"\/A\/N\/D\/erika20071013sptja25ans24scene.jpg\"> <\/P><P align=center><FONT color=#000066 size=4><b><i>La petite famille est r\u00e9unie. Le fiston, pour une fois, est aupr\u00e8s de ses parents.<\/i><\/b><\/FONT><\/P><P align=center><IMG src=\"\/A\/N\/D\/erika20071013sptja25ans25scene.jpg\"> <\/P><P align=center><IMG src=\"\/A\/N\/D\/erika20071013sptja25ans26scene.jpg\"> <\/P><P align=center><FONT color=#000066><b><i>Visite surprise d&rsquo;un coll\u00e8gue musicien: Denys Gigot en duo avec notre princesse de l&rsquo;accord\u00e9on ERIKA<\/i><\/b><\/FONT><\/P><P align=center><IMG src=\"\/A\/N\/D\/erika20071013sptja25ans27scene.jpg\"> <\/P><P align=center><IMG src=\"\/A\/N\/D\/erika20071013sptja25ans28scene.jpg\"> <\/P><P align=center><FONT color=#000066 size=4><i><b>Les 25 ans de sc\u00e8ne de notre princesse fut une belle r\u00e9ussite. Un grand merci \u00e0 vous tous de votre fid\u00e9lit\u00e9!!<\/b><\/i><\/FONT><\/P><\/p>\n","protected":false},"excerpt":{"rendered":"<p>19 Heures: Les Croqu\u2019 Noires animeront le souper 20 Heures: Jo Sony le multi musicien21 Heures: La princesse de l&rsquo;accord\u00e9on Erikahttp:\/\/www.erika.behttp:\/\/erika.be\/ http:\/\/www.vivacite.be L&rsquo;Abbaye de Malonne&#8230;<\/p>\n","protected":false},"author":1,"featured_media":0,"comment_status":"closed","ping_status":"open","sticky":false,"template":"","format":"standard","meta":[],"categories":[3],"tags":[5],"_links":{"self":[{"href":"http:\/\/www.musicadeon.com\/index.php\/wp-json\/wp\/v2\/posts\/2651"}],"collection":[{"href":"http:\/\/www.musicadeon.com\/index.php\/wp-json\/wp\/v2\/posts"}],"about":[{"href":"http:\/\/www.musicadeon.com\/index.php\/wp-json\/wp\/v2\/types\/post"}],"author":[{"embeddable":true,"href":"http:\/\/www.musicadeon.com\/index.php\/wp-json\/wp\/v2\/users\/1"}],"replies":[{"embeddable":true,"href":"http:\/\/www.musicadeon.com\/index.php\/wp-json\/wp\/v2\/comments?post=2651"}],"version-history":[{"count":0,"href":"http:\/\/www.musicadeon.com\/index.php\/wp-json\/wp\/v2\/posts\/2651\/revisions"}],"wp:attachment":[{"href":"http:\/\/www.musicadeon.com\/index.php\/wp-json\/wp\/v2\/media?parent=2651"}],"wp:term":[{"taxonomy":"category","embeddable":true,"href":"http:\/\/www.musicadeon.com\/index.php\/wp-json\/wp\/v2\/categories?post=2651"},{"taxonomy":"post_tag","embeddable":true,"href":"http:\/\/www.musicadeon.com\/index.php\/wp-json\/wp\/v2\/tags?post=2651"}],"curies":[{"name":"wp","href":"https:\/\/api.w.org\/{rel}","templated":true}]}}