{"id":2652,"date":"2007-04-02T02:00:00","date_gmt":"2007-04-02T00:00:00","guid":{"rendered":"http:\/\/www.musicadeon.com\/index.php\/2007\/04\/02\/radio-musicadeon-fete-son-1er-anniversaire-a-labbaye-de-malonne-belgique\/"},"modified":"2007-04-02T02:00:00","modified_gmt":"2007-04-02T00:00:00","slug":"radio-musicadeon-fete-son-1er-anniversaire-a-labbaye-de-malonne-belgique","status":"publish","type":"post","link":"http:\/\/www.musicadeon.com\/index.php\/2007\/04\/02\/radio-musicadeon-fete-son-1er-anniversaire-a-labbaye-de-malonne-belgique\/","title":{"rendered":"Radio Musicad\u00e9on f\u00eate son 1er Anniversaire \u00e0 L&rsquo;Abbaye de Malonne (Belgique)"},"content":{"rendered":"<p><DIV><FONT color=#c00 size=5><B><I><IMG src=\"\/A\/N\/D\/radio1musicadeon20060812.jpg\"><IMG height=60 alt=decoration src=\"http:\/\/blogsimages.skynet.be\/images_v2\/002\/588\/413\/20070329\/dyn010_small150_250_100_jpeg_2588413_f9d82fe3030ca8699aa293fb52c0c05d.jpg\" width=150 border=0> <A href=\"http:\/\/www.quefaire.be\/\"><\/A><IMG src=\"\/A\/N\/D\/publi20070628logo2sptja.jpg\"> <\/A><IMG src=\"\/A\/N\/D\/vivacite20070612rtbf4sptja.jpg\"><a href=\"http:\/\/www.vivacite.be\/\" target=_new rel=\"noopener noreferrer\">http:\/\/www.vivacite.be<\/A><\/I><\/B><\/FONT><\/DIV><DIV><B><I><FONT color=#c00 size=5><\/FONT><\/I><\/B><\/DIV><DIV><B><I><FONT color=#c00 size=5><a href=\"http:\/\/www.musicadeon.com\/\" target=_new rel=\"noopener noreferrer\">http:\/\/www.musicadeon.com<\/A><\/FONT><\/I><\/B><\/DIV><DIV><B><I><FONT color=#c00 size=5><\/FONT><\/I><\/B><\/DIV><DIV><B><I><FONT color=#c00 size=5>11H00:<FONT color=#0000ff> Ouverture des portes<\/FONT><\/FONT><\/I><\/B><\/DIV><DIV><B><I><FONT color=#c00 size=5>12H00: D\u00eener<\/FONT><FONT color=#c00 size=5> <FONT style=\"BACKGROUND-COLOR:#000\" color=#ffff00>8\u20ac<\/FONT><\/FONT><\/I><\/B><\/DIV><DIV><B><I><FONT color=#c00 size=5><FONT color=#060>Robert Far\u00e9ze<\/FONT><\/FONT><\/I><\/B><\/DIV><DIV><B><I><FONT color=#c00 size=5><FONT color=#060>Claudy Defosse<\/FONT><\/FONT><\/I><\/B><\/DIV><DIV><B><I><FONT color=#c00 size=5><FONT color=#060>Fr\u00e9d\u00e9ric Michel<\/FONT><\/FONT><\/I><\/B><\/DIV><DIV><B><I><FONT color=#c00 size=5><FONT color=#060>Patrick Duquenoy<\/FONT><\/FONT><\/I><\/B><\/DIV><DIV><B><I><FONT color=#c00 size=5><FONT color=#060>Jean-Claude Lahaye<\/FONT><\/FONT><\/I><\/B><\/DIV><DIV><B><I><FONT color=#c00 size=5><FONT color=#060>Marie<\/FONT><\/FONT><\/I><\/B><\/DIV><DIV><B><I><FONT color=#c00 size=5><FONT color=#060>Tomala<\/FONT><\/FONT><\/I><\/B><\/DIV><DIV><B><I><FONT color=#c00 size=5><FONT color=#060>Franck Johan<\/FONT><\/FONT><\/I><\/B><\/DIV><DIV><B><I><FONT color=#c00 size=5><FONT color=#060>Cedric Warin<\/FONT><\/FONT><\/I><\/B><\/DIV><DIV><B><I><FONT color=#c00 size=5><FONT color=#060>Pierre Milan<\/FONT><\/FONT><\/I><\/B><\/DIV><DIV><B><I><FONT color=#c00 size=5><FONT color=#060>Claudia Sylva &amp; Wendy<\/FONT><\/FONT><\/I><\/B><\/DIV><DIV><B><I><FONT color=#c00 size=5><FONT color=#060>Henri Golan <\/FONT><\/FONT><\/I><\/B><\/DIV><DIV><B><I><FONT color=#060 size=5>Marika<\/FONT><\/I><\/B><\/DIV><DIV><\/DIV><DIV><P align=center><B><I><FONT color=#ff0000 size=5>L&rsquo;Abbaye de Malonne <\/FONT><\/I><\/B><\/P><P align=center><B><I><FONT color=#000 size=5>\u00ab\u00a0Institut de St Berthuin\u00a0\u00bb<\/FONT><\/I><\/B><\/P><P align=center><B><I><FONT color=#ff0000 size=5>Rue du Fond 129\/C<\/FONT><\/I><\/B><\/P><P align=center><B><I><FONT color=#ff0000 size=5>5020 MALONNE (Belgique)<\/FONT><\/I><\/B><\/P><\/DIV><DIV><\/DIV><DIV><\/DIV><DIV><CENTER><B><I><FONT style=\"BACKGROUND-COLOR:#00ff00\" size=7>Entr\u00e9e Gratuite<\/FONT><\/I><\/B><\/CENTER><CENTER><B><I><FONT style=\"BACKGROUND-COLOR:#00ff00\" size=7><\/FONT><\/I><\/B><\/CENTER><CENTER><B><I><FONT style=\"BACKGROUND-COLOR:#00ff00\" size=7><\/FONT><\/I><\/B><\/CENTER><CENTER><\/CENTER><\/DIV><P align=center><IMG src=\"\/A\/N\/D\/robert20071013musicadeon1fareze.jpg\"> <\/P><P align=center><FONT color=#000033 size=4><b><i>Samedi 13 octobre 12 H00, le premier artiste met le pied sur les planches:<FONT color=#c00>Robert Far\u00e8ze<\/FONT><\/i><\/b><\/FONT><\/P><P align=center><FONT color=#000033 size=4><b><i>C&rsquo;est un honneur pour moi de d\u00e9buter l&rsquo;apr\u00e8s midi avec vous. Merci Radio Musicad\u00e9on pour ce que vous faites pour nous les artistes. Merci Michel, Merci Erika. <\/i><\/b><\/FONT><\/P><P align=center><IMG src=\"\/A\/N\/D\/frederic20071013musicadeon1michel.jpg\"> <\/P><P align=center><FONT color=#000033 size=4><b><i>D\u00e8s \u00e0 pr\u00e9sent, c&rsquo;est au tour de <FONT color=#c00>Fr\u00e9d\u00e9ric Michel.<\/FONT><\/i><\/b><\/FONT><\/P><P align=center><FONT color=#000033 size=4><b><i>Que demander de plus; le public est pr\u00e9sent et l&rsquo;organisation est super. Bravo \u00e0 Radio Musicad\u00e9on, \u00e0 tous les b\u00e9n\u00e9voles et \u00e0 vous deux Erika et Michel. <\/i><\/b><\/FONT><\/P><P align=center><IMG src=\"\/A\/N\/D\/patrick20071013musicadeon1duquenoy.jpg\"> <\/P><P align=center><FONT color=#330033 size=4><i><b><FONT color=#c00>Patrick Duquenoy<\/FONT>, lui, n&rsquo;a toujours pas chang\u00e9!<\/b><\/i><\/FONT><\/P><P align=center><FONT color=#330033 size=4><i><b>Que de souvenirs! Vous n&rsquo;avez pas chang\u00e9, vous savez comment recevoir les artistes! Vive la musique et vive Radio Musicad\u00e9on et bravo pour l&rsquo;organisation .<\/b><\/i><\/FONT><\/P><P align=center><IMG src=\"\/A\/N\/D\/jean1claude20071013musicadeon1lahaye.jpg\"> <\/P><P align=center><FONT color=#330066 size=4><b><i>Le charmeur de ces dames:: <FONT color=#900>Jean-Claude Lahaye.<\/FONT><\/i><\/b><\/FONT><\/P><P align=center><IMG src=\"\/A\/N\/D\/jean1claude20071013musicadeon2lahaye.jpg\"> <\/P><P align=center><FONT color=#339900 size=4><b><i>\u00ab\u00a0On bia gamin comme si moman\u00a0\u00bb! <FONT color=#330099>Bravo<\/FONT><\/i><\/b><\/FONT><FONT color=#330066 size=4><b><i> \u00e0 toute l&rsquo;\u00e9quipe! Une ambiance du tonerre, une tr\u00e8s bel organisation et un public chaleureux <FONT color=#c00>bip bip!<\/FONT> vive Radio musicad\u00e9on.<\/i><\/b><\/FONT><\/P><P align=center><FONT color=#330066 size=4><b><i><\/i><\/b><\/FONT><IMG src=\"\/A\/N\/D\/marie20071013musicadeon1.jpg\"> <\/P><P align=center><FONT color=#330066 size=4><b><i>La chanteuse <FONT color=#c00>Marie <\/FONT><FONT color=#330066>est <\/FONT>heureuse de recevoir un petit ambl\u00e8me d&rsquo;un beau jeune homme Jimmy! <\/i><\/b><\/FONT><\/P><P align=center><FONT color=#330066 size=4><b><i>Erika et Michel, je suis tr\u00e8s heureuse de chanter devant un public aussi nombreux. F\u00e9licitations \u00e0 tous les deux pour l&rsquo;organisation et vive Radio Musicad\u00e9on.<\/i><\/b><\/FONT><\/P><P align=center><IMG src=\"\/A\/N\/D\/tomala20071013musicadeon1.jpg\"> <\/P><P align=center><FONT color=#330066 size=4><b><i>Auteur compositeur <FONT color=#c00>Tomala!<\/FONT><\/i><\/b><\/FONT><\/P><P align=center><FONT color=#330066 size=4><b><i>Un public charmant, une tr\u00e8s belle organisation! Bravo Erika et Michel ainsi qu&rsquo;\u00e0 tous les b\u00e9n\u00e9voles .<\/i><\/b><\/FONT><\/P><P align=center><IMG src=\"\/A\/N\/D\/franck20071013musicadeon1johan.jpg\"> <\/P><P align=center><FONT color=#330066 size=4><b><i>Il a le look! Blond au yeux bleus: <FONT color=#c00>Franck Johan.<\/FONT><\/i><\/b><\/FONT><\/P><P align=center><FONT color=#330066 size=4><b><i>C&rsquo;est quand vous voulez les amis; je serai toujours pr\u00e9sent pour vous! <\/i><\/b><\/FONT><\/P><P align=center><IMG src=\"\/A\/N\/D\/cedric20071013musicadeon1denis.jpg\"> <\/P><P align=center><FONT color=#330066 size=4><b><i>Une voix de r\u00e8ve, malvoyant, <FONT color=#c00>C\u00e9dric Denis.<\/FONT><\/i><\/b><\/FONT><\/P><P align=center><FONT color=#330066 size=4><b><i>On s&rsquo;est connu il y quelques ann\u00e9es et nous voici r\u00e9unis ce jour!Vive Radio Musicad\u00e9on et bravo pour l&rsquo;organisation.<\/i><\/b><\/FONT><\/P><P align=center><IMG src=\"\/A\/N\/D\/pierre20071013musicadeon1milan.jpg\"> <\/P><P align=center><FONT color=#330066 size=4><b><i>D&rsquo;origine italienne, merveilleux chanteur: <FONT color=#c00>Pierre Milan.<\/FONT><\/i><\/b><\/FONT><\/P><P align=center><FONT color=#330066 size=4><b><i>Michel, Erika, Merci \u00e0 vous pour ce que vous faites pour nous les artistes. <\/i><\/b><\/FONT><\/P><P align=center><IMG src=\"\/A\/N\/D\/wendy20071013musicadeon1.jpg\"> <\/P><P align=center><FONT color=#c00 size=4><b><i>Wendy ; <FONT color=#330066>nouvelle d\u00e9couverte de Radio Musicad\u00e9on.<\/FONT><\/i><\/b><\/FONT><\/P><P align=center><IMG src=\"\/A\/N\/D\/claudia20071013musicadeon1sylva.jpg\"> <\/P><P align=center><FONT color=#330066 size=4><i><b>Une fid\u00e8le, la plus belle, souvenez-vous du titre <FONT color=#060>\u00ab\u00a0J&rsquo;ai pleur\u00e9\u00a0\u00bb<\/FONT> et oui c&rsquo;est bien elle: <FONT color=#c00>Claudia Sylva.<\/FONT><\/b><\/i><\/FONT><FONT color=#c00> <\/FONT><\/P><P align=center><IMG src=\"\/A\/N\/D\/claudia20071013musicadeon2sylva.jpg\"> <\/P><P align=center><IMG src=\"\/A\/N\/D\/claudia20071013musicadeon3sylva.jpg\"> <\/P><P align=center><FONT color=#330066 size=4><i><b>Notre ami Jean-Pierre est heureux de retrouver une ancienne amie:<\/b><\/i><\/FONT> <FONT color=#c00 size=4><i><b>Claudia Sylva.<\/b><\/i><\/FONT><\/P><P align=center><IMG src=\"\/A\/N\/D\/henry20071013musicadeon2golan.jpg\"> <\/P><P align=center><FONT color=#330066 size=4><i><b>Le plus fid\u00e8le, le plus ancien des vieux meuble, notre ami: <FONT color=#c00>Henri Golan.<\/FONT><\/b><\/i><\/FONT><\/P><P align=center><FONT color=#330066 size=4><i><b>Longue vie \u00e0 Radio musicad\u00e9on et merci pour tout.<\/b><\/i><\/FONT><\/P><P align=center><IMG src=\"\/A\/N\/D\/marika20071013musicadeon1.jpg\"> <\/P><P align=center><FONT color=#330066 size=4><i><b>N&rsquo;est-elle pas jolie? <FONT color=#c00>Marika<\/FONT> nous fait d\u00e9couvrir une chamante danseuse orientale.<\/b><\/i><\/FONT><\/P><P align=center><IMG src=\"\/A\/N\/D\/marika20071013musicadeon2.jpg\"> <\/P><P align=center><FONT color=#330066 size=4><i><b>Messieurs!!! attention les yeux!!!!: jolie poup\u00e9e n&rsquo;est-ce-pas?<\/b><\/i><\/FONT><\/P><P align=center><IMG src=\"\/A\/N\/D\/marika20071013musicadeon3.jpg\"> <\/P><P align=center><FONT color=#330066 size=4><b><i>Sant\u00e9 \u00e0 radio musicad\u00e9on!Vous \u00eates au top pour acceuillir les artistes. Merci \u00e0 vous pour la belle journ\u00e9e et soir\u00e9e pass\u00e9es ensemble .<\/i><\/b><\/FONT><\/P><P align=center><IMG src=\"\/A\/N\/D\/charles20071013musicadeon1massaux.jpg\"> <\/P><P align=center><FONT color=#330066 size=4><b><i>Un ami de longue date: <FONT color=#c00>Mr Charles Masseaux<\/FONT>! Merci de ta visite.<\/i><\/b><\/FONT><\/P><P align=center><IMG src=\"\/A\/N\/D\/claudy20071013musicadeon1delfosse.jpg\"> <\/P><P align=center><FONT color=#330066 size=4><i><b>Un rocker, une voix sans pareille: <FONT color=#c00>Claudy Delfosse.<\/FONT><\/b><\/i><\/FONT><\/P><P align=center><IMG src=\"\/A\/N\/D\/claudy20071013musicadeon2delfosse.jpg\"> <\/P><P align=center><FONT color=#330066 size=4><i><b>F\u00e9licitations \u00e0 Radio musicad\u00e9on pour votre 1er anniversaire! Vous savez recevoir les artistes.<\/b><\/i><\/FONT><\/P><\/p>\n","protected":false},"excerpt":{"rendered":"<p>http:\/\/www.vivacite.behttp:\/\/www.musicadeon.com11H00: Ouverture des portes12H00: D\u00eener 8\u20acRobert Far\u00e9zeClaudy DefosseFr\u00e9d\u00e9ric MichelPatrick DuquenoyJean-Claude LahayeMarieTomalaFranck JohanCedric WarinPierre MilanClaudia Sylva &amp; WendyHenri Golan MarikaL&rsquo;Abbaye de Malonne \u00ab\u00a0Institut de St Berthuin\u00a0\u00bbRue&#8230;<\/p>\n","protected":false},"author":1,"featured_media":0,"comment_status":"closed","ping_status":"open","sticky":false,"template":"","format":"standard","meta":[],"categories":[3],"tags":[5],"_links":{"self":[{"href":"http:\/\/www.musicadeon.com\/index.php\/wp-json\/wp\/v2\/posts\/2652"}],"collection":[{"href":"http:\/\/www.musicadeon.com\/index.php\/wp-json\/wp\/v2\/posts"}],"about":[{"href":"http:\/\/www.musicadeon.com\/index.php\/wp-json\/wp\/v2\/types\/post"}],"author":[{"embeddable":true,"href":"http:\/\/www.musicadeon.com\/index.php\/wp-json\/wp\/v2\/users\/1"}],"replies":[{"embeddable":true,"href":"http:\/\/www.musicadeon.com\/index.php\/wp-json\/wp\/v2\/comments?post=2652"}],"version-history":[{"count":0,"href":"http:\/\/www.musicadeon.com\/index.php\/wp-json\/wp\/v2\/posts\/2652\/revisions"}],"wp:attachment":[{"href":"http:\/\/www.musicadeon.com\/index.php\/wp-json\/wp\/v2\/media?parent=2652"}],"wp:term":[{"taxonomy":"category","embeddable":true,"href":"http:\/\/www.musicadeon.com\/index.php\/wp-json\/wp\/v2\/categories?post=2652"},{"taxonomy":"post_tag","embeddable":true,"href":"http:\/\/www.musicadeon.com\/index.php\/wp-json\/wp\/v2\/tags?post=2652"}],"curies":[{"name":"wp","href":"https:\/\/api.w.org\/{rel}","templated":true}]}}