{"id":2655,"date":"2007-04-06T02:00:00","date_gmt":"2007-04-06T00:00:00","guid":{"rendered":"http:\/\/www.musicadeon.com\/index.php\/2007\/04\/06\/a-vos-agendas-13-10-2007\/"},"modified":"2007-04-06T02:00:00","modified_gmt":"2007-04-06T00:00:00","slug":"a-vos-agendas-13-10-2007","status":"publish","type":"post","link":"http:\/\/www.musicadeon.com\/index.php\/2007\/04\/06\/a-vos-agendas-13-10-2007\/","title":{"rendered":"\u00c0 vos agendas (13-10-2007)"},"content":{"rendered":"<p>Radio Musicad\u00e9on f\u00eate son 1er Anniversaire \u00e0 L&rsquo;Abbaye de Malonne (Belgique) comme invit\u00e9s Jean-Claude Lahaye, Patrick &#038; Xavier, Marie,Tomala, Franck Johan, Robert Fareze, Pierre Milan, Henri Golan, Marika et bien d&rsquo;autre   Info: 0032(0)475\/20.58.04 (ENTREE GRATUITE)<\/p>\n","protected":false},"excerpt":{"rendered":"<p>Radio Musicad\u00e9on f\u00eate son 1er Anniversaire \u00e0 L&rsquo;Abbaye de Malonne (Belgique) comme invit\u00e9s Jean-Claude Lahaye, Patrick &#038; Xavier, Marie,Tomala, Franck Johan, Robert Fareze, Pierre Milan,&#8230;<\/p>\n","protected":false},"author":1,"featured_media":0,"comment_status":"closed","ping_status":"open","sticky":false,"template":"","format":"standard","meta":[],"categories":[1],"tags":[],"_links":{"self":[{"href":"http:\/\/www.musicadeon.com\/index.php\/wp-json\/wp\/v2\/posts\/2655"}],"collection":[{"href":"http:\/\/www.musicadeon.com\/index.php\/wp-json\/wp\/v2\/posts"}],"about":[{"href":"http:\/\/www.musicadeon.com\/index.php\/wp-json\/wp\/v2\/types\/post"}],"author":[{"embeddable":true,"href":"http:\/\/www.musicadeon.com\/index.php\/wp-json\/wp\/v2\/users\/1"}],"replies":[{"embeddable":true,"href":"http:\/\/www.musicadeon.com\/index.php\/wp-json\/wp\/v2\/comments?post=2655"}],"version-history":[{"count":0,"href":"http:\/\/www.musicadeon.com\/index.php\/wp-json\/wp\/v2\/posts\/2655\/revisions"}],"wp:attachment":[{"href":"http:\/\/www.musicadeon.com\/index.php\/wp-json\/wp\/v2\/media?parent=2655"}],"wp:term":[{"taxonomy":"category","embeddable":true,"href":"http:\/\/www.musicadeon.com\/index.php\/wp-json\/wp\/v2\/categories?post=2655"},{"taxonomy":"post_tag","embeddable":true,"href":"http:\/\/www.musicadeon.com\/index.php\/wp-json\/wp\/v2\/tags?post=2655"}],"curies":[{"name":"wp","href":"https:\/\/api.w.org\/{rel}","templated":true}]}}