{"id":2661,"date":"2007-04-18T02:00:00","date_gmt":"2007-04-18T00:00:00","guid":{"rendered":"http:\/\/www.musicadeon.com\/index.php\/2007\/04\/18\/sax-a-fond-2\/"},"modified":"2007-04-18T02:00:00","modified_gmt":"2007-04-18T00:00:00","slug":"sax-a-fond-2","status":"publish","type":"post","link":"http:\/\/www.musicadeon.com\/index.php\/2007\/04\/18\/sax-a-fond-2\/","title":{"rendered":"Sax \u00e0 fond"},"content":{"rendered":"<p><DIV align=center><FONT face=Arial size=6>Vous invite \u00e0 la f\u00eate&#8230;., <\/FONT><\/DIV><DIV align=center><FONT face=Arial size=6><\/FONT><\/DIV><DIV align=center><FONT face=Arial size=6><i><FONT color=#008000 size=7><b>Le samedi 21 avril 2007<\/b><\/FONT><\/i> <\/FONT><\/DIV><DIV align=center><FONT face=Arial size=6><\/FONT><\/DIV><DIV align=center><FONT face=Arial size=6>dans les rues de <b><FONT color=#ff0000 size=7><i>Li\u00e8ge<\/i><\/FONT><\/b>, <\/FONT><\/DIV><DIV align=center><FONT face=Arial size=6><\/FONT><\/DIV><DIV align=center><FONT face=Arial size=6>pr\u00e8s du cin\u00e9ma \u00ab\u00a0PALACE\u00a0\u00bb (pl.St Paul) de <b><i><FONT color=#0000ff>14h00 \u00e0 18h00<\/FONT><\/i><\/b><\/FONT><\/DIV><DIV align=center><FONT face=Arial size=6><\/FONT><\/DIV><DIV align=center><FONT face=Arial size=6>dans le cadre du <b><i><FONT color=#800080 size=7>Festival du Film Policier<\/FONT><\/i><\/b> <\/FONT><\/DIV><DIV align=center><FONT face=Arial size=6><\/FONT><\/DIV><DIV align=center><FONT face=Arial size=6>Celui-ci se tiendra du 19 au 22 avril<\/FONT><\/DIV><DIV align=center><FONT face=Arial size=6>Les cin\u00e9philes, trouverons plus d&rsquo;infos su<\/FONT><FONT face=Arial size=6>r <\/FONT><\/DIV><DIV align=center><FONT face=Arial size=6><A href=\"http:\/\/www.festivaliege.be\/\">http:\/\/www.festivaliege.be\/<\/A><\/FONT><\/DIV><\/p>\n","protected":false},"excerpt":{"rendered":"<p>Vous invite \u00e0 la f\u00eate&#8230;., Le samedi 21 avril 2007 dans les rues de Li\u00e8ge, pr\u00e8s du cin\u00e9ma \u00ab\u00a0PALACE\u00a0\u00bb (pl.St Paul) de 14h00 \u00e0 18h00dans&#8230;<\/p>\n","protected":false},"author":1,"featured_media":0,"comment_status":"closed","ping_status":"open","sticky":false,"template":"","format":"standard","meta":[],"categories":[3],"tags":[5],"_links":{"self":[{"href":"http:\/\/www.musicadeon.com\/index.php\/wp-json\/wp\/v2\/posts\/2661"}],"collection":[{"href":"http:\/\/www.musicadeon.com\/index.php\/wp-json\/wp\/v2\/posts"}],"about":[{"href":"http:\/\/www.musicadeon.com\/index.php\/wp-json\/wp\/v2\/types\/post"}],"author":[{"embeddable":true,"href":"http:\/\/www.musicadeon.com\/index.php\/wp-json\/wp\/v2\/users\/1"}],"replies":[{"embeddable":true,"href":"http:\/\/www.musicadeon.com\/index.php\/wp-json\/wp\/v2\/comments?post=2661"}],"version-history":[{"count":0,"href":"http:\/\/www.musicadeon.com\/index.php\/wp-json\/wp\/v2\/posts\/2661\/revisions"}],"wp:attachment":[{"href":"http:\/\/www.musicadeon.com\/index.php\/wp-json\/wp\/v2\/media?parent=2661"}],"wp:term":[{"taxonomy":"category","embeddable":true,"href":"http:\/\/www.musicadeon.com\/index.php\/wp-json\/wp\/v2\/categories?post=2661"},{"taxonomy":"post_tag","embeddable":true,"href":"http:\/\/www.musicadeon.com\/index.php\/wp-json\/wp\/v2\/tags?post=2661"}],"curies":[{"name":"wp","href":"https:\/\/api.w.org\/{rel}","templated":true}]}}