{"id":2663,"date":"2007-04-30T02:00:00","date_gmt":"2007-04-30T00:00:00","guid":{"rendered":"http:\/\/www.musicadeon.com\/index.php\/2007\/04\/30\/a-vos-agendas-28-05-2007-2\/"},"modified":"2007-04-30T02:00:00","modified_gmt":"2007-04-30T00:00:00","slug":"a-vos-agendas-28-05-2007-2","status":"publish","type":"post","link":"http:\/\/www.musicadeon.com\/index.php\/2007\/04\/30\/a-vos-agendas-28-05-2007-2\/","title":{"rendered":"\u00c0 vos agendas (28-05-2007)"},"content":{"rendered":"<p>Le lundi 28 Mai la princesse de l&rsquo;accord\u00e9on <a href=\"http:\/\/www.erika.be\" target=\"_blank\" rel=\"noopener noreferrer\">Erika<\/a> vous invite \u00e0 la brocante de Floreffe pour une apr\u00e8s-midi en musique place Bauduin \u00e0 Floreffe (Belgique)Info: 0032(0)475.20.58.04.<\/p>\n","protected":false},"excerpt":{"rendered":"<p>Le lundi 28 Mai la princesse de l&rsquo;accord\u00e9on Erika vous invite \u00e0 la brocante de Floreffe pour une apr\u00e8s-midi en musique place Bauduin \u00e0 Floreffe&#8230;<\/p>\n","protected":false},"author":1,"featured_media":0,"comment_status":"closed","ping_status":"open","sticky":false,"template":"","format":"standard","meta":[],"categories":[1],"tags":[],"_links":{"self":[{"href":"http:\/\/www.musicadeon.com\/index.php\/wp-json\/wp\/v2\/posts\/2663"}],"collection":[{"href":"http:\/\/www.musicadeon.com\/index.php\/wp-json\/wp\/v2\/posts"}],"about":[{"href":"http:\/\/www.musicadeon.com\/index.php\/wp-json\/wp\/v2\/types\/post"}],"author":[{"embeddable":true,"href":"http:\/\/www.musicadeon.com\/index.php\/wp-json\/wp\/v2\/users\/1"}],"replies":[{"embeddable":true,"href":"http:\/\/www.musicadeon.com\/index.php\/wp-json\/wp\/v2\/comments?post=2663"}],"version-history":[{"count":0,"href":"http:\/\/www.musicadeon.com\/index.php\/wp-json\/wp\/v2\/posts\/2663\/revisions"}],"wp:attachment":[{"href":"http:\/\/www.musicadeon.com\/index.php\/wp-json\/wp\/v2\/media?parent=2663"}],"wp:term":[{"taxonomy":"category","embeddable":true,"href":"http:\/\/www.musicadeon.com\/index.php\/wp-json\/wp\/v2\/categories?post=2663"},{"taxonomy":"post_tag","embeddable":true,"href":"http:\/\/www.musicadeon.com\/index.php\/wp-json\/wp\/v2\/tags?post=2663"}],"curies":[{"name":"wp","href":"https:\/\/api.w.org\/{rel}","templated":true}]}}