{"id":2681,"date":"2007-05-26T02:00:00","date_gmt":"2007-05-26T00:00:00","guid":{"rendered":"http:\/\/www.musicadeon.com\/index.php\/2007\/05\/26\/a-vos-agendas-13-04-2008\/"},"modified":"2007-05-26T02:00:00","modified_gmt":"2007-05-26T00:00:00","slug":"a-vos-agendas-13-04-2008","status":"publish","type":"post","link":"http:\/\/www.musicadeon.com\/index.php\/2007\/05\/26\/a-vos-agendas-13-04-2008\/","title":{"rendered":"\u00c0 vos agendas (13-04-2008)"},"content":{"rendered":"<p>Le Dimanche 13 avril \u00e0 15h au \u00ab\u00a0CAFE DES SPORTS\u00a0\u00bb \u00e0 Eghez\u00e9e (Belgique) retrouvez la princesse de l&rsquo;accord\u00e9on <a href=\"http:\/\/www.erika.be\" target=\"_blank\" rel=\"noopener noreferrer\">Erika<\/a> pour un th\u00e9 dansant info: 0032(0)475.20.58.04<\/p>\n","protected":false},"excerpt":{"rendered":"<p>Le Dimanche 13 avril \u00e0 15h au \u00ab\u00a0CAFE DES SPORTS\u00a0\u00bb \u00e0 Eghez\u00e9e (Belgique) retrouvez la princesse de l&rsquo;accord\u00e9on Erika pour un th\u00e9 dansant info: 0032(0)475.20.58.04<\/p>\n","protected":false},"author":1,"featured_media":0,"comment_status":"closed","ping_status":"open","sticky":false,"template":"","format":"standard","meta":[],"categories":[1],"tags":[],"_links":{"self":[{"href":"http:\/\/www.musicadeon.com\/index.php\/wp-json\/wp\/v2\/posts\/2681"}],"collection":[{"href":"http:\/\/www.musicadeon.com\/index.php\/wp-json\/wp\/v2\/posts"}],"about":[{"href":"http:\/\/www.musicadeon.com\/index.php\/wp-json\/wp\/v2\/types\/post"}],"author":[{"embeddable":true,"href":"http:\/\/www.musicadeon.com\/index.php\/wp-json\/wp\/v2\/users\/1"}],"replies":[{"embeddable":true,"href":"http:\/\/www.musicadeon.com\/index.php\/wp-json\/wp\/v2\/comments?post=2681"}],"version-history":[{"count":0,"href":"http:\/\/www.musicadeon.com\/index.php\/wp-json\/wp\/v2\/posts\/2681\/revisions"}],"wp:attachment":[{"href":"http:\/\/www.musicadeon.com\/index.php\/wp-json\/wp\/v2\/media?parent=2681"}],"wp:term":[{"taxonomy":"category","embeddable":true,"href":"http:\/\/www.musicadeon.com\/index.php\/wp-json\/wp\/v2\/categories?post=2681"},{"taxonomy":"post_tag","embeddable":true,"href":"http:\/\/www.musicadeon.com\/index.php\/wp-json\/wp\/v2\/tags?post=2681"}],"curies":[{"name":"wp","href":"https:\/\/api.w.org\/{rel}","templated":true}]}}