{"id":2708,"date":"2008-01-14T01:00:00","date_gmt":"2008-01-14T00:00:00","guid":{"rendered":"http:\/\/www.musicadeon.com\/index.php\/2008\/01\/14\/a-vos-agendas-16-03-2008\/"},"modified":"2008-01-14T01:00:00","modified_gmt":"2008-01-14T00:00:00","slug":"a-vos-agendas-16-03-2008","status":"publish","type":"post","link":"http:\/\/www.musicadeon.com\/index.php\/2008\/01\/14\/a-vos-agendas-16-03-2008\/","title":{"rendered":"\u00c0 vos agendas (16-03-2008)"},"content":{"rendered":"<p>Le dimanche 16 mars \u00e0 14h00 Festival d&rsquo;accord\u00e9on \u00ab\u00a0Au centre culturel\u00a0\u00bb de Rossignol en (Belgique) avec comme invit\u00e9s la princesse de l&rsquo;accord\u00e9on<a href=\"http:\/\/www.erika.be\" target=\"_blank\" rel=\"noopener noreferrer\">Erika<\/a> <a href=\"http:\/\/www.andreloppe.com\" target=\"_blank\" rel=\"noopener noreferrer\">Andr\u00e9 Loppe<\/a> LAURENT PIRE, JACQUES SCOURNEAU, Info:0032(0)475\/20.58.04<\/p>\n","protected":false},"excerpt":{"rendered":"<p>Le dimanche 16 mars \u00e0 14h00 Festival d&rsquo;accord\u00e9on \u00ab\u00a0Au centre culturel\u00a0\u00bb de Rossignol en (Belgique) avec comme invit\u00e9s la princesse de l&rsquo;accord\u00e9onErika Andr\u00e9 Loppe LAURENT&#8230;<\/p>\n","protected":false},"author":1,"featured_media":0,"comment_status":"closed","ping_status":"open","sticky":false,"template":"","format":"standard","meta":[],"categories":[1],"tags":[],"_links":{"self":[{"href":"http:\/\/www.musicadeon.com\/index.php\/wp-json\/wp\/v2\/posts\/2708"}],"collection":[{"href":"http:\/\/www.musicadeon.com\/index.php\/wp-json\/wp\/v2\/posts"}],"about":[{"href":"http:\/\/www.musicadeon.com\/index.php\/wp-json\/wp\/v2\/types\/post"}],"author":[{"embeddable":true,"href":"http:\/\/www.musicadeon.com\/index.php\/wp-json\/wp\/v2\/users\/1"}],"replies":[{"embeddable":true,"href":"http:\/\/www.musicadeon.com\/index.php\/wp-json\/wp\/v2\/comments?post=2708"}],"version-history":[{"count":0,"href":"http:\/\/www.musicadeon.com\/index.php\/wp-json\/wp\/v2\/posts\/2708\/revisions"}],"wp:attachment":[{"href":"http:\/\/www.musicadeon.com\/index.php\/wp-json\/wp\/v2\/media?parent=2708"}],"wp:term":[{"taxonomy":"category","embeddable":true,"href":"http:\/\/www.musicadeon.com\/index.php\/wp-json\/wp\/v2\/categories?post=2708"},{"taxonomy":"post_tag","embeddable":true,"href":"http:\/\/www.musicadeon.com\/index.php\/wp-json\/wp\/v2\/tags?post=2708"}],"curies":[{"name":"wp","href":"https:\/\/api.w.org\/{rel}","templated":true}]}}