{"id":2849,"date":"2008-01-08T01:00:00","date_gmt":"2008-01-08T00:00:00","guid":{"rendered":"http:\/\/www.musicadeon.com\/index.php\/2008\/01\/08\/cest-henri-golan-quil-va-le-faire\/"},"modified":"2008-01-08T01:00:00","modified_gmt":"2008-01-08T00:00:00","slug":"cest-henri-golan-quil-va-le-faire","status":"publish","type":"post","link":"http:\/\/www.musicadeon.com\/index.php\/2008\/01\/08\/cest-henri-golan-quil-va-le-faire\/","title":{"rendered":"C&rsquo;est HENRI GOLAN qu&rsquo;il va le faire!!!"},"content":{"rendered":"<p><P align=center><IMG src=\"\/A\/N\/D\/henri20080203golan1sptja.jpg\"> <\/P><P><B><I><FONT color=#000066 size=4>Donc, le 03 f\u00e9vrier 2008 \u00e0 15 heures, notre ami Henri Golan sera sur les planches<\/FONT><\/I><\/B><\/P><P><B><I><FONT color=#000066 size=4>du Palais des Beaux Arts de Charleroi! C&rsquo;est sa 15\u00e8me prestation!<\/FONT><\/I><\/B><\/P><P><B><I><FONT color=#000066 size=4>D&rsquo;apr\u00e8s les \u00e9chos que j&rsquo;en aie, il sera accompagn\u00e9 de son orchestre \u00ab\u00a0bien connu\u00a0\u00bb<\/FONT><\/I><\/B><\/P><P><B><I><FONT color=#000066 size=4>ainsi que de plusieurs vedettes <SURPRISE>!&lt;&lt; SURPRISE &gt;&gt;<\/FONT><\/I><\/B><\/P><P><B><I><FONT color=#000066 size=4>J&rsquo;apprend \u00e9galement que toutes les chansons seront en fran&ccedil;ais et<\/FONT><\/I><\/B><\/P><P><B><I><FONT color=#000066 size=4>les sketches en wallons.<\/FONT><\/I><\/B><\/P><P><B><I><FONT color=#000066 size=4>Donc, rendez-vous \u00e0 Charleroi le 03 f\u00e9vrier \u00e0 15 heures!<\/FONT><\/I><\/B><\/P><P><B><I><FONT color=#000066 size=4>Si vous pr\u00e9f\u00e9rez ne pas vous y rendre par vos propres moyens,<\/FONT><\/I><\/B><\/P><P><B><I><FONT color=#000066 size=4>un autocar partira de Radio Musicad\u00e9on 2 rue du Bourdon \u00e0 LESVES vers 13 heures 30 pour vous y emmener!<\/FONT><\/I><\/B><\/P><P><B><I><FONT color=#000066 size=4>Pour ce faire, ayez la gentillesse de r\u00e9server vos places au: <\/FONT><\/I><\/B><\/P><P><B><I><FONT color=#000066 size=4>0032(0)475205804 ou <A href=\"mailto:sptja@sptja.com\">sptja@sptja.com<\/A> <\/FONT><\/I><\/B><\/P><P><\/P><P align=center><IMG src=\"\/A\/N\/D\/auto1cars3tt1tzau2tourisme20080203.jpg\"> <\/P><P align=center><IMG src=\"\/A\/N\/D\/henri20080203golan01sptja.jpg\"> <\/P><P align=center><b><i><FONT color=#330066 size=4>Jour J!! Ca y est! Pr\u00eats pour le d\u00e9part vers le Palais des Beaux Arts \u00e0 Charleroi!<\/FONT><\/i><\/b><\/P><P align=center><IMG src=\"\/A\/N\/D\/henri20080203golan2sptja.jpg\"> <\/P><P align=center><IMG src=\"\/A\/N\/D\/henri20080203golan3sptja.jpg\"> <\/P><P align=center><b><i><FONT color=#330099 size=4>Super, nous sommes arriv\u00e9s \u00e0 Charleroi! Tr\u00e8s bon chauffeur!! Allons vite d\u00e9couvrir le spectacle de HENRI GOLAN.<\/FONT><\/i><\/b><\/P><P align=center><IMG src=\"\/A\/N\/D\/henri20080203golan4sptja.jpg\"> <\/P><\/p>\n","protected":false},"excerpt":{"rendered":"<p>Donc, le 03 f\u00e9vrier 2008 \u00e0 15 heures, notre ami Henri Golan sera sur les planchesdu Palais des Beaux Arts de Charleroi! C&rsquo;est sa 15\u00e8me&#8230;<\/p>\n","protected":false},"author":1,"featured_media":0,"comment_status":"closed","ping_status":"open","sticky":false,"template":"","format":"standard","meta":[],"categories":[3],"tags":[5],"_links":{"self":[{"href":"http:\/\/www.musicadeon.com\/index.php\/wp-json\/wp\/v2\/posts\/2849"}],"collection":[{"href":"http:\/\/www.musicadeon.com\/index.php\/wp-json\/wp\/v2\/posts"}],"about":[{"href":"http:\/\/www.musicadeon.com\/index.php\/wp-json\/wp\/v2\/types\/post"}],"author":[{"embeddable":true,"href":"http:\/\/www.musicadeon.com\/index.php\/wp-json\/wp\/v2\/users\/1"}],"replies":[{"embeddable":true,"href":"http:\/\/www.musicadeon.com\/index.php\/wp-json\/wp\/v2\/comments?post=2849"}],"version-history":[{"count":0,"href":"http:\/\/www.musicadeon.com\/index.php\/wp-json\/wp\/v2\/posts\/2849\/revisions"}],"wp:attachment":[{"href":"http:\/\/www.musicadeon.com\/index.php\/wp-json\/wp\/v2\/media?parent=2849"}],"wp:term":[{"taxonomy":"category","embeddable":true,"href":"http:\/\/www.musicadeon.com\/index.php\/wp-json\/wp\/v2\/categories?post=2849"},{"taxonomy":"post_tag","embeddable":true,"href":"http:\/\/www.musicadeon.com\/index.php\/wp-json\/wp\/v2\/tags?post=2849"}],"curies":[{"name":"wp","href":"https:\/\/api.w.org\/{rel}","templated":true}]}}