{"id":2852,"date":"2008-01-08T01:00:00","date_gmt":"2008-01-08T00:00:00","guid":{"rendered":"http:\/\/www.musicadeon.com\/index.php\/2008\/01\/08\/appel-a-candidature-pour-latelier-decriture-de-chansons\/"},"modified":"2008-01-08T01:00:00","modified_gmt":"2008-01-08T00:00:00","slug":"appel-a-candidature-pour-latelier-decriture-de-chansons","status":"publish","type":"post","link":"http:\/\/www.musicadeon.com\/index.php\/2008\/01\/08\/appel-a-candidature-pour-latelier-decriture-de-chansons\/","title":{"rendered":"Appel \u00e0 candidature pour l&rsquo;Atelier d&rsquo;Ecriture de Chansons"},"content":{"rendered":"<p><P align=center><B><FONT face=Verdana color=red size=3>Appel \u00e0 candidature pour l&rsquo;Atelier d&rsquo;Ecriture de Chansons <\/FONT><\/B><FONT face=Verdana size=3><BR>du Festival <B>AVEC LE TEMPS<\/B> \u00e0 Marseille <BR><B>Du mercredi 19 mars au mercredi 26 mars 2008 <\/B><BR>Organis\u00e9 par <A href=\"http:\/\/www.latelierdufestival.fr\/\"><B>www.LATELIERDU FESTIVAL.fr<\/B><\/A><\/FONT><\/P><P align=center><FONT face=Verdana size=3><BR>Le but de ce stage est d\u2019allier travail d\u2019\u00e9criture de chansons (paroles et\/ou musiques) et rencontres avec les artistes du festival pendant une semaine. <BR>Des intervenants confirm\u00e9s ainsi que les artistes du festival animeront cette semaine riche en activit\u00e9s diverses en apportant chacun leurs savoirs techniques et pratiques autour de la cr\u00e9ation de chansons. <BR><BR>Les places sont limit\u00e9es \u00e0 15\/20 stagiaires auteurs-paroliers et\/ou compositeurs-m\u00e9lodistes. L\u2019\u00e9mulation de groupe permettra la cr\u00e9ation de nombreuses chansons qui seront enregistr\u00e9es en studio <BR>et pr\u00e9sent\u00e9es en spectacle. <BR><BR>Information, programme, dossier d\u2019inscription et r\u00e8glement sur : <BR><A href=\"http:\/\/www.latelierdufestival.fr\/?page=accueil&amp;pub=alt2008&amp;eml=sptja@sptja.com\"><B>www.LATELIERDU FESTIVAL.fr<\/B><\/A><BR>ou au <B>06.80.54.69.08<\/B> (Thierry BRAYER)<BR><BR>&#8211; En partenariat avec la <B>SACEM<\/B> &#8211; <BR><A href=\"http:\/\/www.muzikenvie.net\/\">www.MUZIKENVIE.net<\/A> &amp; et <A href=\"http:\/\/www.ardemo.fr\/\">www.ARDEMO.fr<\/A> <BR><BR>Le Festival AVEC LE TEMPS c\u2019est (sous r\u00e9serves et entre autres) :<BR>ARNO, MANO SOLO OURS, Marie CHERRIER, Mc SOLAAR, Tom POISSON, Renan LUCE, Bernard LAVILLIERS \u2026<\/FONT><\/P><\/p>\n","protected":false},"excerpt":{"rendered":"<p>Appel \u00e0 candidature pour l&rsquo;Atelier d&rsquo;Ecriture de Chansons du Festival AVEC LE TEMPS \u00e0 Marseille Du mercredi 19 mars au mercredi 26 mars 2008 Organis\u00e9&#8230;<\/p>\n","protected":false},"author":1,"featured_media":0,"comment_status":"closed","ping_status":"open","sticky":false,"template":"","format":"standard","meta":[],"categories":[3],"tags":[5],"_links":{"self":[{"href":"http:\/\/www.musicadeon.com\/index.php\/wp-json\/wp\/v2\/posts\/2852"}],"collection":[{"href":"http:\/\/www.musicadeon.com\/index.php\/wp-json\/wp\/v2\/posts"}],"about":[{"href":"http:\/\/www.musicadeon.com\/index.php\/wp-json\/wp\/v2\/types\/post"}],"author":[{"embeddable":true,"href":"http:\/\/www.musicadeon.com\/index.php\/wp-json\/wp\/v2\/users\/1"}],"replies":[{"embeddable":true,"href":"http:\/\/www.musicadeon.com\/index.php\/wp-json\/wp\/v2\/comments?post=2852"}],"version-history":[{"count":0,"href":"http:\/\/www.musicadeon.com\/index.php\/wp-json\/wp\/v2\/posts\/2852\/revisions"}],"wp:attachment":[{"href":"http:\/\/www.musicadeon.com\/index.php\/wp-json\/wp\/v2\/media?parent=2852"}],"wp:term":[{"taxonomy":"category","embeddable":true,"href":"http:\/\/www.musicadeon.com\/index.php\/wp-json\/wp\/v2\/categories?post=2852"},{"taxonomy":"post_tag","embeddable":true,"href":"http:\/\/www.musicadeon.com\/index.php\/wp-json\/wp\/v2\/tags?post=2852"}],"curies":[{"name":"wp","href":"https:\/\/api.w.org\/{rel}","templated":true}]}}