{"id":2858,"date":"2008-01-16T01:00:00","date_gmt":"2008-01-16T00:00:00","guid":{"rendered":"http:\/\/www.musicadeon.com\/index.php\/2008\/01\/16\/1-er-festival-daccordeon-a-silenrieux-belgique\/"},"modified":"2008-01-16T01:00:00","modified_gmt":"2008-01-16T00:00:00","slug":"1-er-festival-daccordeon-a-silenrieux-belgique","status":"publish","type":"post","link":"http:\/\/www.musicadeon.com\/index.php\/2008\/01\/16\/1-er-festival-daccordeon-a-silenrieux-belgique\/","title":{"rendered":"1 er Festival d&rsquo;accord\u00e9on \u00e0 Silenrieux (Belgique)"},"content":{"rendered":"<p><P align=center><IMG src=\"\/A\/N\/D\/silenrieu20080621accordeon1sptja.jpg\"> <\/P><P align=center><\/P><P align=center><IMG src=\"\/A\/N\/D\/silenrieux20060621accordeon1sptja.jpg\"> <\/P><P align=center><FONT style=\"BACKGROUND-COLOR:#fff\" color=#000033 size=4><b><i>Pour la f\u00eate de la musique, nous voici r\u00e9unis \u00e0 Silenrieux.<\/i><\/b><\/FONT><\/P><P align=center><IMG src=\"\/A\/N\/D\/silenrieux20060621accordeon3sptja.jpg\"><\/P><P align=center><b><i><FONT color=#000033 size=4>1er Festival d&rsquo;accord\u00e9on organis\u00e9 par Laurent Pire; une tr\u00e8s belle r\u00e9ussite!<\/FONT><\/i><\/b> <\/P><P align=center><IMG src=\"\/A\/N\/D\/silenrieux20060621accordeon4sptja.jpg\"> <\/P><P align=center><IMG src=\"\/A\/N\/D\/silenrieux20060621accordeon8sptja.jpg\"> <\/P><P align=center><IMG src=\"\/A\/N\/D\/silenrieux20060621accordeon9sptja.jpg\"> <\/P><P align=center><b><i><FONT color=#000033 size=4>Les deux ins\u00e9parables Andr\u00e9 et Mimi.<\/FONT><\/i><\/b><\/P><P align=center><IMG src=\"\/A\/N\/D\/silenrieux20060621accordeon10sptja.jpg\"> <\/P><P align=center><IMG src=\"\/A\/N\/D\/silenrieux20060621accordeon11sptja.jpg\"> <\/P><P align=center><b><i><FONT color=#000033 size=4>Laurent Pire &amp; la belle Sabrina Guislain.<\/FONT><\/i><\/b><\/P><P align=center><IMG src=\"\/A\/N\/D\/silenrieux20060621accordeon12sptja.jpg\"> <\/P><P align=center><IMG src=\"\/A\/N\/D\/silenrieux20060621accordeon13sptja.jpg\"> <\/P><P align=center><FONT color=#000033 size=4><i><b>Anthony Basilico.<\/b><\/i><\/FONT><\/P><P align=center><IMG src=\"\/A\/N\/D\/silenrieux20060621accordeon14sptja.jpg\"> <\/P><P align=center><IMG src=\"\/A\/N\/D\/silenrieux20060621accordeon15sptja.jpg\"> <\/P><P align=center><IMG src=\"\/A\/N\/D\/silenrieux20060621accordeon16sptja.jpg\"> <\/P><P align=center><FONT color=#000033 size=4><b><i>Laurent &amp; son \u00e9pouse Jo\u00eblle.<\/i><\/b><\/FONT><\/P><P align=center><IMG src=\"\/A\/N\/D\/silenrieux20060621accordeon17sptja.jpg\"> <\/P><P align=center><IMG src=\"\/A\/N\/D\/silenrieux20060621accordeon18sptja.jpg\"> <\/P><P align=center><FONT color=#000033 size=4><b><i>Plus besoin de le pr\u00e9senter&#8230;&#8230;&#8230;&#8230;&#8230;. D\u00e9d\u00e9 Loppe.<\/i><\/b><\/FONT><\/P><P align=center><IMG src=\"\/A\/N\/D\/silenrieux20060621accordeon19sptja.jpg\"> <\/P><P align=center><IMG src=\"\/A\/N\/D\/silenrieux20060621accordeon20sptja.jpg\"> <\/P><P align=center><IMG src=\"\/A\/N\/D\/silenrieux20060621accordeon21sptja.jpg\"> <\/P><P align=center><IMG src=\"\/A\/N\/D\/festival20080621accordeon1silenrieux01sptja.jpg\"> <\/P><P align=center><IMG src=\"\/A\/N\/D\/festival20080621accordeon1silenrieux02sptja.jpg\"> <\/P><\/p>\n","protected":false},"excerpt":{"rendered":"<p>Pour la f\u00eate de la musique, nous voici r\u00e9unis \u00e0 Silenrieux.1er Festival d&rsquo;accord\u00e9on organis\u00e9 par Laurent Pire; une tr\u00e8s belle r\u00e9ussite! Les deux ins\u00e9parables Andr\u00e9&#8230;<\/p>\n","protected":false},"author":1,"featured_media":0,"comment_status":"closed","ping_status":"open","sticky":false,"template":"","format":"standard","meta":[],"categories":[3],"tags":[5],"_links":{"self":[{"href":"http:\/\/www.musicadeon.com\/index.php\/wp-json\/wp\/v2\/posts\/2858"}],"collection":[{"href":"http:\/\/www.musicadeon.com\/index.php\/wp-json\/wp\/v2\/posts"}],"about":[{"href":"http:\/\/www.musicadeon.com\/index.php\/wp-json\/wp\/v2\/types\/post"}],"author":[{"embeddable":true,"href":"http:\/\/www.musicadeon.com\/index.php\/wp-json\/wp\/v2\/users\/1"}],"replies":[{"embeddable":true,"href":"http:\/\/www.musicadeon.com\/index.php\/wp-json\/wp\/v2\/comments?post=2858"}],"version-history":[{"count":0,"href":"http:\/\/www.musicadeon.com\/index.php\/wp-json\/wp\/v2\/posts\/2858\/revisions"}],"wp:attachment":[{"href":"http:\/\/www.musicadeon.com\/index.php\/wp-json\/wp\/v2\/media?parent=2858"}],"wp:term":[{"taxonomy":"category","embeddable":true,"href":"http:\/\/www.musicadeon.com\/index.php\/wp-json\/wp\/v2\/categories?post=2858"},{"taxonomy":"post_tag","embeddable":true,"href":"http:\/\/www.musicadeon.com\/index.php\/wp-json\/wp\/v2\/tags?post=2858"}],"curies":[{"name":"wp","href":"https:\/\/api.w.org\/{rel}","templated":true}]}}