{"id":2859,"date":"2008-01-18T01:00:00","date_gmt":"2008-01-18T00:00:00","guid":{"rendered":"http:\/\/www.musicadeon.com\/index.php\/2008\/01\/18\/tete-a-tete-avec-valerianne-lavi-jacky-daniel-a-radio-musicadeon-lesves-belgium\/"},"modified":"2008-01-18T01:00:00","modified_gmt":"2008-01-18T00:00:00","slug":"tete-a-tete-avec-valerianne-lavi-jacky-daniel-a-radio-musicadeon-lesves-belgium","status":"publish","type":"post","link":"http:\/\/www.musicadeon.com\/index.php\/2008\/01\/18\/tete-a-tete-avec-valerianne-lavi-jacky-daniel-a-radio-musicadeon-lesves-belgium\/","title":{"rendered":"T\u00eate-\u00e0-t\u00eate avec \u00a0\u00bbVALERIANNE LAVI &amp; JACKY DANIEL\u00a0\u00bb \u00e0 Radio Musicad\u00e9on Lesves (Belgium)"},"content":{"rendered":"<p><P align=center><IMG src=\"\/A\/N\/D\/musicadeon20080118lavi1daniel1radio.jpg\"> <\/P><P align=center><FONT color=#330066 size=4><b><i>Bonjour Valerianne et Jacky. Vous \u00eates venus nous pr\u00e9senter deux albums.. <\/i><\/b><\/FONT><\/P><P align=center><IMG src=\"\/A\/N\/D\/musicadeon20080118lavi1daniel2radio.jpg\"> <\/P><P align=center><b><i><FONT color=#330066 size=4>Oui Michel, nous avons bien travaill\u00e9 tous les deux!<\/FONT> <\/i><\/b><\/P><P align=center><IMG src=\"\/A\/N\/D\/musicadeon20080118lavi1daniel3radio.jpg\"> <\/P><P align=center><b><i><FONT color=#330066 size=4>Merci Michel de nous avoir re&ccedil;u. A tr\u00e8s bient\u00f4t et encore merci de votre acceuil si chaleureux.<\/FONT><\/i><\/b><\/P><P align=center><IMG src=\"\/A\/N\/D\/musicadeon20080118lavi1daniel4radio.jpg\"> <\/P><P align=center><IMG src=\"\/A\/N\/D\/musicadeon20080118lavi1daniel5radio.jpg\"> <\/P><P><\/P><P align=center><a href=\"http:\/\/www.jackydaniel.be\/\" target=_new rel=\"noopener noreferrer\"><B><FONT size=5>http:\/\/www.jackydaniel.be\/<\/FONT><\/B><\/A><\/P><P align=center><a href=\"http:\/\/www.valeriannelavi.com\/\" target=_new rel=\"noopener noreferrer\"><B><FONT size=5>http:\/\/www.valeriannelavi.com\/<\/FONT><\/B><\/A><\/P><\/p>\n","protected":false},"excerpt":{"rendered":"<p>Bonjour Valerianne et Jacky. Vous \u00eates venus nous pr\u00e9senter deux albums.. Oui Michel, nous avons bien travaill\u00e9 tous les deux! Merci Michel de nous avoir&#8230;<\/p>\n","protected":false},"author":1,"featured_media":0,"comment_status":"closed","ping_status":"open","sticky":false,"template":"","format":"standard","meta":[],"categories":[3],"tags":[5],"_links":{"self":[{"href":"http:\/\/www.musicadeon.com\/index.php\/wp-json\/wp\/v2\/posts\/2859"}],"collection":[{"href":"http:\/\/www.musicadeon.com\/index.php\/wp-json\/wp\/v2\/posts"}],"about":[{"href":"http:\/\/www.musicadeon.com\/index.php\/wp-json\/wp\/v2\/types\/post"}],"author":[{"embeddable":true,"href":"http:\/\/www.musicadeon.com\/index.php\/wp-json\/wp\/v2\/users\/1"}],"replies":[{"embeddable":true,"href":"http:\/\/www.musicadeon.com\/index.php\/wp-json\/wp\/v2\/comments?post=2859"}],"version-history":[{"count":0,"href":"http:\/\/www.musicadeon.com\/index.php\/wp-json\/wp\/v2\/posts\/2859\/revisions"}],"wp:attachment":[{"href":"http:\/\/www.musicadeon.com\/index.php\/wp-json\/wp\/v2\/media?parent=2859"}],"wp:term":[{"taxonomy":"category","embeddable":true,"href":"http:\/\/www.musicadeon.com\/index.php\/wp-json\/wp\/v2\/categories?post=2859"},{"taxonomy":"post_tag","embeddable":true,"href":"http:\/\/www.musicadeon.com\/index.php\/wp-json\/wp\/v2\/tags?post=2859"}],"curies":[{"name":"wp","href":"https:\/\/api.w.org\/{rel}","templated":true}]}}